{"id":19068,"date":"2021-02-23T17:19:41","date_gmt":"2021-02-23T20:19:41","guid":{"rendered":"https:\/\/pinews.com.br\/?p=19068"},"modified":"2021-02-23T17:19:41","modified_gmt":"2021-02-23T20:19:41","slug":"ocupacao-de-utis-em-hospitais-publicos-chega-a-100-em-teresina-diz-fms","status":"publish","type":"post","link":"https:\/\/pinews.com.br\/index.php\/2021\/02\/23\/ocupacao-de-utis-em-hospitais-publicos-chega-a-100-em-teresina-diz-fms\/","title":{"rendered":"Ocupa\u00e7\u00e3o de UTIs em hospitais p\u00fablicos chega a 100% em Teresina, diz FMS"},"content":{"rendered":"\n<p>A Funda\u00e7\u00e3o Municipal de Sa\u00fade (FMS) confirmou que os hospitais p\u00fablicos de Teresina chegaram a 100% de ocupa\u00e7\u00e3o dos leitos de UTIs destinados a pacientes com covid-19. A situa\u00e7\u00e3o \u00e9 considerada cr\u00edtica pelo presidente da Funda\u00e7\u00e3o, Gilberto Albuquerque.<\/p>\n\n\n\n<p>Segundo o presidente da FMS, governo e prefeitura devem instalar nas pr\u00f3ximas horas mais 15 leitos na capital, sendo dez no Hospital Get\u00falio Vargas (HGV) e 5 no Hospital do Dirceu.<\/p>\n\n\n\n<p>\u201cOs leitos de UTIs est\u00e3o 100% ocupados nos hospitais p\u00fablicos. Vamos abrir agora dez leitos no HGV e cinco no Dirceu\u201d, informou Albuquerque ao&nbsp;<strong>Cidadeverde.com.<\/strong><\/p>\n\n\n\n<p>Sem UTIs, as Upas \u00e9 que est\u00e3o dando suporte a pacientes que d\u00e3o entrada com a covid-19.<\/p>\n\n\n\n<p>\u201cTemos ainda as UPAs com uma reserva, as chamadas salas de estabiliza\u00e7\u00e3o\u201d, afirmou.<\/p>\n\n\n\n<p>Gilberto disse ainda que mostrou ao governo a situa\u00e7\u00e3o t\u00e9cnica. No final da manh\u00e3 de hoje, o governador Wellington Dias (PT) anunciou que vai se reunir, a partir das 18h, com os membros do Comit\u00ea de Opera\u00e7\u00f5es Especiais (COE) ampliado para avaliar as medidas de restri\u00e7\u00f5es necess\u00e1rias para a conten\u00e7\u00e3o da transmissibilidade do coronav\u00edrus no Piau\u00ed. <\/p>\n\n\n\n<p>O governo garante que novas medidas somente ser\u00e3o anunciadas oficialmente ap\u00f3s esta reuni\u00e3o do COE ampliado.&nbsp;<\/p>\n\n\n\n<p>Ontem, o m\u00e9dico otorrinolaringologista Erich Gustavo j\u00e1 havia informado da falta de leitos de interna\u00e7\u00e3o em Teresina ap\u00f3s atender uma paciente com covid-19.<\/p>\n\n\n\n<p><strong>Fonte: H\u00e9rlon Moraes\/ Cidade Verde<\/strong><\/p>\n","protected":false},"excerpt":{"rendered":"<p>A Funda\u00e7\u00e3o Municipal de Sa\u00fade (FMS) confirmou que os hospitais p\u00fablicos de Teresina chegaram a 100% de ocupa\u00e7\u00e3o dos leitos de UTIs destinados a pacientes com covid-19. A situa\u00e7\u00e3o \u00e9 considerada cr\u00edtica pelo presidente da Funda\u00e7\u00e3o, Gilberto Albuquerque. Segundo o presidente da FMS, governo e prefeitura devem instalar nas pr\u00f3ximas horas mais 15 leitos na [&hellip;]<\/p>\n","protected":false},"author":1,"featured_media":19069,"comment_status":"open","ping_status":"open","sticky":false,"template":"","format":"standard","meta":{"beyondwords_generate_audio":"","beyondwords_project_id":"","beyondwords_podcast_id":"","beyondwords_hash":"","beyondwords_error_message":"","beyondwords_disabled":"","publish_post_to_speechkit":"","speechkit_generate_audio":"","speechkit_project_id":"","speechkit_podcast_id":"","speechkit_hash":"","speechkit_error_message":"","speechkit_disabled":"","speechkit_access_key":"","speechkit_error":"","speechkit_info":"","speechkit_response":"","speechkit_retries":"","_speechkit_link":"","_speechkit_text":""},"categories":[51,1288,81],"tags":[5329,1781,44,683,46,1321,1716,7573,460,187,2807],"jetpack_featured_media_url":"","_links":{"self":[{"href":"https:\/\/pinews.com.br\/index.php\/wp-json\/wp\/v2\/posts\/19068"}],"collection":[{"href":"https:\/\/pinews.com.br\/index.php\/wp-json\/wp\/v2\/posts"}],"about":[{"href":"https:\/\/pinews.com.br\/index.php\/wp-json\/wp\/v2\/types\/post"}],"author":[{"embeddable":true,"href":"https:\/\/pinews.com.br\/index.php\/wp-json\/wp\/v2\/users\/1"}],"replies":[{"embeddable":true,"href":"https:\/\/pinews.com.br\/index.php\/wp-json\/wp\/v2\/comments?post=19068"}],"version-history":[{"count":0,"href":"https:\/\/pinews.com.br\/index.php\/wp-json\/wp\/v2\/posts\/19068\/revisions"}],"wp:featuredmedia":[{"embeddable":true,"href":"https:\/\/pinews.com.br\/index.php\/wp-json\/"}],"wp:attachment":[{"href":"https:\/\/pinews.com.br\/index.php\/wp-json\/wp\/v2\/media?parent=19068"}],"wp:term":[{"taxonomy":"category","embeddable":true,"href":"https:\/\/pinews.com.br\/index.php\/wp-json\/wp\/v2\/categories?post=19068"},{"taxonomy":"post_tag","embeddable":true,"href":"https:\/\/pinews.com.br\/index.php\/wp-json\/wp\/v2\/tags?post=19068"}],"curies":[{"name":"wp","href":"https:\/\/api.w.org\/{rel}","templated":true}]}}