{"id":19086,"date":"2021-02-24T09:02:10","date_gmt":"2021-02-24T12:02:10","guid":{"rendered":"https:\/\/pinews.com.br\/?p=19086"},"modified":"2021-02-24T09:02:10","modified_gmt":"2021-02-24T12:02:10","slug":"drama-do-casal-de-manaus-marido-morre-por-covid-no-hu-e-mulher-consegue-ter-alta","status":"publish","type":"post","link":"https:\/\/pinews.com.br\/index.php\/2021\/02\/24\/drama-do-casal-de-manaus-marido-morre-por-covid-no-hu-e-mulher-consegue-ter-alta\/","title":{"rendered":"Drama do casal de Manaus: marido morre por Covid no HU e mulher consegue ter alta"},"content":{"rendered":"\n<p>O Hospital Universit\u00e1rio (HU) confirmou na tarde desta ter\u00e7a-feira (23) a morte de um paciente de Manaus que estava internado na unidade de sa\u00fade com complica\u00e7\u00f5es da covid-19. O homem de 70 anos tinha v\u00e1rias comorbidades como diabetes e cardiopatia. Ele morreu ainda na noite de ontem.<\/p>\n\n\n\n<p>O paciente deu entrada no HU no dia 25 de janeiro com mais 14 pessoas de Manaus. A mulher dele, que tamb\u00e9m estava internada em Teresina, recebeu alta hoje e deve retornar para o Amazonas nas pr\u00f3ximas horas.<\/p>\n\n\n\n<p>Segundo apurou o&nbsp;<strong>Cidadeverde.com<\/strong>, o casal tinha uma filha de 40 anos tamb\u00e9m com covid-19 internada em Natal, que morreu por complica\u00e7\u00f5es da doen\u00e7a.<\/p>\n\n\n\n<p>O corpo do paciente que morreu no HU ser\u00e1 levado para Manaus em um avi\u00e3o da For\u00e7a A\u00e9rea Brasileira (FAB) nesta quarta-feira.<\/p>\n\n\n\n<p>Ao todo, o HU recebeu 23 pacientes de Manaus. Apenas um permanece internado.<\/p>\n\n\n\n<blockquote class=\"wp-block-quote\"><p><br><strong>Veja nota do HU<\/strong><\/p><p>O Hospital Universit\u00e1rio da Universidade Federal do Piau\u00ed comunica o falecimento de um dos 23 pacientes com Covid-19, deslocados de Manaus para tratamento em Teresina. Trata-se de um paciente do sexo masculino, com 70 anos de idade. Ele era diab\u00e9tico, hipertenso, cardiopata e com insufici\u00eancia renal.<\/p><p>O corpo estar\u00e1 sendo trasladado para Manaus amanh\u00e3, dia 24, em um avi\u00e3o da FAB, em hora ainda n\u00e3o especificada.<\/p><p>O paciente era um de tr\u00eas membros da mesma fam\u00edlia que foram deslocados de Manaus para outros centros, para tratamento da Covid. Para Teresina veio tamb\u00e9m a esposa do paciente falecido: ela teve alta nesta ter\u00e7a-feira, dia 23. A filha do casal, de 40 anos, foi deslocada de Manaus para Natal, onde faleceu.<\/p><p>Dos 23 pacientes manauaras atendidos pelo HU-UFPI, 21 j\u00e1 receberam alta. H\u00e1 agora o registro desse \u00fanico \u00f3bito e o 23\u00ba paciente ainda segue internado. Trata-se de um homem que se encontra na UTI do HU. Apesar dos cuidados intensivos, o quadro \u00e9 est\u00e1vel.<\/p><\/blockquote>\n\n\n\n<p><strong>Fonte: H\u00e9rlon Moraes\/ Cidade Verde<\/strong><\/p>\n","protected":false},"excerpt":{"rendered":"<p>O Hospital Universit\u00e1rio (HU) confirmou na tarde desta ter\u00e7a-feira (23) a morte de um paciente de Manaus que estava internado na unidade de sa\u00fade com complica\u00e7\u00f5es da covid-19. O homem de 70 anos tinha v\u00e1rias comorbidades como diabetes e cardiopatia. Ele morreu ainda na noite de ontem. O paciente deu entrada no HU no dia [&hellip;]<\/p>\n","protected":false},"author":1,"featured_media":19087,"comment_status":"open","ping_status":"open","sticky":false,"template":"","format":"standard","meta":{"beyondwords_generate_audio":"","beyondwords_project_id":"","beyondwords_podcast_id":"","beyondwords_hash":"","beyondwords_error_message":"","beyondwords_disabled":"","publish_post_to_speechkit":"","speechkit_generate_audio":"","speechkit_project_id":"","speechkit_podcast_id":"","speechkit_hash":"","speechkit_error_message":"","speechkit_disabled":"","speechkit_access_key":"","speechkit_error":"","speechkit_info":"","speechkit_response":"","speechkit_retries":"","_speechkit_link":"","_speechkit_text":""},"categories":[134,51,81],"tags":[286,493,7194,2406,44,7581,7283,7246,698,119,135,59,521],"jetpack_featured_media_url":"","_links":{"self":[{"href":"https:\/\/pinews.com.br\/index.php\/wp-json\/wp\/v2\/posts\/19086"}],"collection":[{"href":"https:\/\/pinews.com.br\/index.php\/wp-json\/wp\/v2\/posts"}],"about":[{"href":"https:\/\/pinews.com.br\/index.php\/wp-json\/wp\/v2\/types\/post"}],"author":[{"embeddable":true,"href":"https:\/\/pinews.com.br\/index.php\/wp-json\/wp\/v2\/users\/1"}],"replies":[{"embeddable":true,"href":"https:\/\/pinews.com.br\/index.php\/wp-json\/wp\/v2\/comments?post=19086"}],"version-history":[{"count":0,"href":"https:\/\/pinews.com.br\/index.php\/wp-json\/wp\/v2\/posts\/19086\/revisions"}],"wp:featuredmedia":[{"embeddable":true,"href":"https:\/\/pinews.com.br\/index.php\/wp-json\/"}],"wp:attachment":[{"href":"https:\/\/pinews.com.br\/index.php\/wp-json\/wp\/v2\/media?parent=19086"}],"wp:term":[{"taxonomy":"category","embeddable":true,"href":"https:\/\/pinews.com.br\/index.php\/wp-json\/wp\/v2\/categories?post=19086"},{"taxonomy":"post_tag","embeddable":true,"href":"https:\/\/pinews.com.br\/index.php\/wp-json\/wp\/v2\/tags?post=19086"}],"curies":[{"name":"wp","href":"https:\/\/api.w.org\/{rel}","templated":true}]}}