{"id":19196,"date":"2021-02-27T10:38:21","date_gmt":"2021-02-27T13:38:21","guid":{"rendered":"https:\/\/pinews.com.br\/?p=19196"},"modified":"2021-02-27T10:38:21","modified_gmt":"2021-02-27T13:38:21","slug":"decreto-proibe-abertura-do-comercio-e-de-bares-neste-fim-de-semana-no-piaui","status":"publish","type":"post","link":"https:\/\/pinews.com.br\/index.php\/2021\/02\/27\/decreto-proibe-abertura-do-comercio-e-de-bares-neste-fim-de-semana-no-piaui\/","title":{"rendered":"Decreto pro\u00edbe abertura do com\u00e9rcio e de bares neste fim de semana no Piau\u00ed"},"content":{"rendered":"\n<p>Neste fim de semana, o Piau\u00ed ter\u00e1 medidas mais restritivas para evitar aglomera\u00e7\u00f5es numa tentativa de frear a dissemina\u00e7\u00e3o do novo coronav\u00edrus. O decreto publicado pelo Governo do Estado suspende a partir de 24h do dia 26 de fevereiro at\u00e9 \u00e0s 5h do dia 1\u00ba de mar\u00e7o, todas as atividades econ\u00f4micas e sociais.<\/p>\n\n\n\n<p>O com\u00e9rcio em geral&nbsp; est\u00e1 proibido de abrir as portas. Bares e restaurantes n\u00e3o poder\u00e3o abrir ao p\u00fablico. Festas ou qualquer evento que gere aglomera\u00e7\u00e3o est\u00e3o totalmente vedados.&nbsp;<\/p>\n\n\n\n<p>Opera\u00e7\u00e3o integrada com Vigil\u00e2ncia Sanit\u00e1ria e for\u00e7as de seguran\u00e7a devem garantir o cumprimento das medidas.O governador Wellington Dias informou que o decreto foi publicado devido ao aumento de casos de Covid e alta taxa de ocupa\u00e7\u00e3o nas UTIs de Teresina.<\/p>\n\n\n\n<p><strong>POSTOS DE COMBUST\u00cdVEIS<\/strong><\/p>\n\n\n\n<p>Os postos de combust\u00edveis localizados na zona Urbana tamb\u00e9m n\u00e3o funcionar\u00e3o, de acordo com o decreto. <strong>A proibi\u00e7\u00e3o acontece no mesmo fim de semana em que \u00e9 realizada, na modalidade  drive-thru ,a vacina\u00e7\u00e3o de idosos com 85 anos ou mais em Teresina. <\/strong><\/p>\n\n\n\n<p>Neste fim de semana apenas postos de combust\u00edveis situados em rodovias federais ou estaduais, na zona rural, poder\u00e3o abrir.&nbsp;<\/p>\n\n\n\n<p><strong>O QUE PODE FUNCIONAR<\/strong><br>I- mercearias, mercadinhos, mercados, supermercados, hipermercados, padarias e produtos aliment\u00edcios;<br>II -farm\u00e1cias, drogarias, produtos sanit\u00e1rios e de limpeza;<br>&nbsp;III -oficinas mec\u00e2nicas e borracharias;&nbsp;<br>IV -lojas de conveni\u00eancia, de produtos aliment\u00edcios e postos de combust\u00edveis situados em rodovias federais ou estaduais, na zona rural;&nbsp;<br>V -hot\u00e9is, com atendimento exclusivo dos h\u00f3spedes;&nbsp;<br>VI &#8211; distribuidoras (exclusivamente para recebimento e armazenamento de cargas) e transportadoras;&nbsp;<br>VII- servi\u00e7os de seguran\u00e7a p\u00fablica e vigil\u00e2ncia;&nbsp;<br>VIII- servi\u00e7os de alimenta\u00e7\u00e3o preparada e bebidas exclusivamente para sistema de delivery ou drive-thru;&nbsp;<br>IX -servi\u00e7os de telecomunica\u00e7\u00e3o, processamento de dados, call center e imprensa;&nbsp;<br>X- servi\u00e7os de urg\u00eancia e emerg\u00eancias, hospitais, laborat\u00f3rios, servi\u00e7os radiodiagn\u00f3sticos;&nbsp;<br>XI &#8211; servi\u00e7os de saneamento b\u00e1sico, transporte de passageiros, energia el\u00e9trica e funer\u00e1rios;&nbsp;<br>XII- agricultura, pecu\u00e1ria e extrativismo;<br>&nbsp;XIII &#8211; atividades religiosas, com p\u00fablico limitado a 30% (trinta por cento) da capacidade de templos e igrejas<\/p>\n\n\n\n<p><strong>TOQUE DE RECOLHER<\/strong><br>Segue proibida ,no hor\u00e1rio compreendido entre as 23h e as 5h, a circula\u00e7\u00e3o de pessoas em espa\u00e7os e vias p\u00fablicas, ou em espa\u00e7os e vias privadas equiparadas a vias p\u00fablicas, ressalvados os deslocamentos de extrema necessidade.<\/p>\n\n\n\n<p><strong>DECRETO<\/strong><br>O decreto vigora at\u00e9 o dia 4 de mar\u00e7o. No dia 2, o governo do Estado far\u00e1 uma reuni\u00e3o com Comit\u00ea de Opera\u00e7\u00f5es Emergenciais Ampliado para avaliar a situa\u00e7\u00e3o epidemiol\u00f3gica do Piau\u00ed. O governador Wellington Dias j\u00e1 anunciou que n\u00e3o descarta endurecer as medidas, se for necess\u00e1rio.&nbsp;<a href=\"https:\/\/cidadeverde.com\/assets\/uploads\/files\/decreto%20toque%20de%20recolher_1614169502%20(1)_1614371912.pdf\" target=\"_blank\" rel=\"noreferrer noopener\">VEJA AQUI O DECRETO<\/a><\/p>\n\n\n\n<p><strong>TIMON<\/strong><br>Neste fim de semana, a cidade vizinha Timon (MA) tamb\u00e9m vai adotar medidas mais en\u00e9rgicas. L\u00e1, o com\u00e9rcio est\u00e1 autorizado a funcionar, mas bares, restaurantes e balne\u00e1rios est\u00e3o proibidos de abrir ao p\u00fablico. O funcionamento fica restrito \u00e0 modalidade delivery e  drive-thru.  Para evitar aglomera\u00e7\u00f5es, a Ponte Met\u00e1lica ser\u00e1 interditada durante este fim de semana sentido Teresina-Timon. <\/p>\n\n\n\n<p><strong>Fonte: Izabella Pimentel\/ Cidade Verde<\/strong><\/p>\n","protected":false},"excerpt":{"rendered":"<p>Neste fim de semana, o Piau\u00ed ter\u00e1 medidas mais restritivas para evitar aglomera\u00e7\u00f5es numa tentativa de frear a dissemina\u00e7\u00e3o do novo coronav\u00edrus. O decreto publicado pelo Governo do Estado suspende a partir de 24h do dia 26 de fevereiro at\u00e9 \u00e0s 5h do dia 1\u00ba de mar\u00e7o, todas as atividades econ\u00f4micas e sociais. O com\u00e9rcio [&hellip;]<\/p>\n","protected":false},"author":1,"featured_media":19197,"comment_status":"open","ping_status":"open","sticky":false,"template":"","format":"standard","meta":{"beyondwords_generate_audio":"","beyondwords_project_id":"","beyondwords_podcast_id":"","beyondwords_hash":"","beyondwords_error_message":"","beyondwords_disabled":"","publish_post_to_speechkit":"","speechkit_generate_audio":"","speechkit_project_id":"","speechkit_podcast_id":"","speechkit_hash":"","speechkit_error_message":"","speechkit_disabled":"","speechkit_access_key":"","speechkit_error":"","speechkit_info":"","speechkit_response":"","speechkit_retries":"","_speechkit_link":"","_speechkit_text":""},"categories":[51],"tags":[7616,774,987,44,2611,5661,5711,52,5951,5863],"jetpack_featured_media_url":"","_links":{"self":[{"href":"https:\/\/pinews.com.br\/index.php\/wp-json\/wp\/v2\/posts\/19196"}],"collection":[{"href":"https:\/\/pinews.com.br\/index.php\/wp-json\/wp\/v2\/posts"}],"about":[{"href":"https:\/\/pinews.com.br\/index.php\/wp-json\/wp\/v2\/types\/post"}],"author":[{"embeddable":true,"href":"https:\/\/pinews.com.br\/index.php\/wp-json\/wp\/v2\/users\/1"}],"replies":[{"embeddable":true,"href":"https:\/\/pinews.com.br\/index.php\/wp-json\/wp\/v2\/comments?post=19196"}],"version-history":[{"count":0,"href":"https:\/\/pinews.com.br\/index.php\/wp-json\/wp\/v2\/posts\/19196\/revisions"}],"wp:featuredmedia":[{"embeddable":true,"href":"https:\/\/pinews.com.br\/index.php\/wp-json\/"}],"wp:attachment":[{"href":"https:\/\/pinews.com.br\/index.php\/wp-json\/wp\/v2\/media?parent=19196"}],"wp:term":[{"taxonomy":"category","embeddable":true,"href":"https:\/\/pinews.com.br\/index.php\/wp-json\/wp\/v2\/categories?post=19196"},{"taxonomy":"post_tag","embeddable":true,"href":"https:\/\/pinews.com.br\/index.php\/wp-json\/wp\/v2\/tags?post=19196"}],"curies":[{"name":"wp","href":"https:\/\/api.w.org\/{rel}","templated":true}]}}