{"id":19224,"date":"2021-02-28T11:10:39","date_gmt":"2021-02-28T14:10:39","guid":{"rendered":"https:\/\/pinews.com.br\/?p=19224"},"modified":"2021-02-28T11:10:39","modified_gmt":"2021-02-28T14:10:39","slug":"idoso-de-79-anos-e-assassinado-com-golpes-de-enxada-no-piaui","status":"publish","type":"post","link":"https:\/\/pinews.com.br\/index.php\/2021\/02\/28\/idoso-de-79-anos-e-assassinado-com-golpes-de-enxada-no-piaui\/","title":{"rendered":"Idoso de 79 anos \u00e9 assassinado com golpes de enxada no Piau\u00ed"},"content":{"rendered":"\n<p>Um idoso de 79 anos foi assassinado com golpes de enxada na localidade Curral de Pedras, zona rural da cidade de Socorro do Piau\u00ed. As informa\u00e7\u00f5es s\u00e3o do JC24horas.<\/p>\n\n\n\n<p>O fato aconteceu na tarde dessa sexta-feira (26\/02) quando o homem de nome Francisco In\u00e1cio de Moura de 48 anos de idade estava em seu trabalho na lavoura quando o idoso&nbsp;Francisco Lopes de Sousa,&nbsp;chegou.<\/p>\n\n\n\n<p>Os dois tinham um desafeto h\u00e1 bastante tempo. Os dois come\u00e7aram uma discuss\u00e3o que terminou na morte do idoso que foi atingido por golpe de enxada desferidos pelo homem que tamb\u00e9m \u00e9 conhecido como C\u00edcero de Iloi da Silva.<\/p>\n\n\n\n<p>Ap\u00f3s cometer o crime, o homem fugiu com destino ignorado.<\/p>\n\n\n\n<p>As informa\u00e7\u00f5es foram passadas pelos familiares da v\u00edtima que n\u00e3o querem se identificar por medo do suspeito.<\/p>\n\n\n\n<figure class=\"wp-block-image\"><a href=\"https:\/\/storage.stwonline.com.br\/180graus\/uploads\/ckeditor\/pictures\/2426916\/a81fde87-a44e-477a-a2f3-928a9a4ef7d8.jpg\"><img decoding=\"async\" src=\"https:\/\/storage.stwonline.com.br\/180graus\/uploads\/ckeditor\/pictures\/2426916\/a81fde87-a44e-477a-a2f3-928a9a4ef7d8.jpg\" alt=\"Suspeito do crime\"\/><\/a><figcaption>Suspeito do crime\/ Reprodu\u00e7\u00e3o<\/figcaption><\/figure>\n\n\n\n<p><strong>Fonte: 180graus\/ Com informa\u00e7\u00f5es do JC24horas<\/strong><\/p>\n","protected":false},"excerpt":{"rendered":"<p>Um idoso de 79 anos foi assassinado com golpes de enxada na localidade Curral de Pedras, zona rural da cidade de Socorro do Piau\u00ed. As informa\u00e7\u00f5es s\u00e3o do JC24horas. O fato aconteceu na tarde dessa sexta-feira (26\/02) quando o homem de nome Francisco In\u00e1cio de Moura de 48 anos de idade estava em seu trabalho [&hellip;]<\/p>\n","protected":false},"author":1,"featured_media":19225,"comment_status":"open","ping_status":"open","sticky":false,"template":"","format":"standard","meta":{"beyondwords_generate_audio":"","beyondwords_project_id":"","beyondwords_podcast_id":"","beyondwords_hash":"","beyondwords_error_message":"","beyondwords_disabled":"","publish_post_to_speechkit":"","speechkit_generate_audio":"","speechkit_project_id":"","speechkit_podcast_id":"","speechkit_hash":"","speechkit_error_message":"","speechkit_disabled":"","speechkit_access_key":"","speechkit_error":"","speechkit_info":"","speechkit_response":"","speechkit_retries":"","_speechkit_link":"","_speechkit_text":""},"categories":[51,78],"tags":[7619,82,364,44,72,7620,83,64,52],"jetpack_featured_media_url":"","_links":{"self":[{"href":"https:\/\/pinews.com.br\/index.php\/wp-json\/wp\/v2\/posts\/19224"}],"collection":[{"href":"https:\/\/pinews.com.br\/index.php\/wp-json\/wp\/v2\/posts"}],"about":[{"href":"https:\/\/pinews.com.br\/index.php\/wp-json\/wp\/v2\/types\/post"}],"author":[{"embeddable":true,"href":"https:\/\/pinews.com.br\/index.php\/wp-json\/wp\/v2\/users\/1"}],"replies":[{"embeddable":true,"href":"https:\/\/pinews.com.br\/index.php\/wp-json\/wp\/v2\/comments?post=19224"}],"version-history":[{"count":0,"href":"https:\/\/pinews.com.br\/index.php\/wp-json\/wp\/v2\/posts\/19224\/revisions"}],"wp:featuredmedia":[{"embeddable":true,"href":"https:\/\/pinews.com.br\/index.php\/wp-json\/"}],"wp:attachment":[{"href":"https:\/\/pinews.com.br\/index.php\/wp-json\/wp\/v2\/media?parent=19224"}],"wp:term":[{"taxonomy":"category","embeddable":true,"href":"https:\/\/pinews.com.br\/index.php\/wp-json\/wp\/v2\/categories?post=19224"},{"taxonomy":"post_tag","embeddable":true,"href":"https:\/\/pinews.com.br\/index.php\/wp-json\/wp\/v2\/tags?post=19224"}],"curies":[{"name":"wp","href":"https:\/\/api.w.org\/{rel}","templated":true}]}}