{"id":19313,"date":"2021-03-02T19:28:49","date_gmt":"2021-03-02T22:28:49","guid":{"rendered":"https:\/\/pinews.com.br\/?p=19313"},"modified":"2021-03-02T19:28:49","modified_gmt":"2021-03-02T22:28:49","slug":"saque-emergencial-do-fgts-deve-ser-declarado-no-imposto-de-renda-2021","status":"publish","type":"post","link":"https:\/\/pinews.com.br\/index.php\/2021\/03\/02\/saque-emergencial-do-fgts-deve-ser-declarado-no-imposto-de-renda-2021\/","title":{"rendered":"Saque emergencial do FGTS deve ser declarado no Imposto de Renda 2021"},"content":{"rendered":"\n<p>Em 2020, por causa da pandemia de covid-19, o governo liberou o saque emergencial do Fundo de Garantia do Tempo de Servi\u00e7o (FGTS). O valor de at\u00e9 R$ R$ 1.045 ficou dispon\u00edvel de 15 de junho a 31 de dezembro em contas ativas e inativas que tinham saldo. Quem fez a retirada deve declarar o valor no Imposto de Renda 2021.<\/p>\n\n\n\n<p>Para os cidad\u00e3os que t\u00eam a obrigatoriedade de declarar o IR, todos os tipos de saques do FGTS devem constar na declara\u00e7\u00e3o, incluindo o saque-anivers\u00e1rio, a retirada de recursos para a compra de im\u00f3vel, a retirada por demiss\u00e3o sem justa causa ou quaisquer outros motivos que permitam a libera\u00e7\u00e3o do dinheiro.<\/p>\n\n\n\n<p>Os valores retirados n\u00e3o alteram a base de c\u00e1lculo do Imposto de Renda, por ser um rendimento isento.<\/p>\n\n\n\n<p>Saiba como o valor do saque emergencial do FGTS deve ser declarado<\/p>\n\n\n\n<p>O saque do FGTS deve ser declarado com o preenchimento da ficha &#8220;Rendimentos Isentos e N\u00e3o Tribut\u00e1veis&#8221;. A ficha \u00e9 disponibilizada no menu do programa para preenchimento e transmiss\u00e3o da declara\u00e7\u00e3o de Imposto de Renda 2021.<\/p>\n\n\n\n<p>O &#8220;Tipo de Rendimento&#8221; \u00e9 o c\u00f3digo 04, que se refere a &#8220;Indeniza\u00e7\u00f5es por rescis\u00e3o de contrato de trabalho, inclusive a t\u00edtulo de PDV, e por acidente de trabalho; e FGTS&#8221;.<\/p>\n\n\n\n<p>O contribuinte deve escolher ent\u00e3o o tipo de benefici\u00e1rio, titular ou dependente, e informar o CNPJ da fonte pagadora, que, no caso, \u00e9 a Caixa Econ\u00f4mica Federal.<\/p>\n\n\n\n<p>Para concluir o preenchimento, ele deve informar o valor que foi retirado e finalizar.<\/p>\n\n\n\n<p><strong>Imposto de Renda 2021<\/strong><\/p>\n\n\n\n<p>A Receita Federal reservou algumas mudan\u00e7as e novas regras para a declara\u00e7\u00e3o do Imposto de Renda 2021. Entre elas, chama aten\u00e7\u00e3o a devolu\u00e7\u00e3o do aux\u00edlio emergencial para contribuintes que receberam o benef\u00edcio e tamb\u00e9m tiveram rendimentos tribut\u00e1veis acima de R$ 22.847,76 no ano passado.<\/p>\n\n\n\n<p>A entrega da presta\u00e7\u00e3o de contas ao Fisco come\u00e7ou na segunda-feira, 1\u00ba de mar\u00e7o.<\/p>\n\n\n\n<p>O prazo final \u00e9 dia 30 de abril.<\/p>\n\n\n\n<p>Nos casos em que o contribuinte tem valores a receber, quanto mais r\u00e1pida a entrega da declara\u00e7\u00e3o, mais cedo vir\u00e1 a restitui\u00e7\u00e3o.<\/p>\n\n\n\n<p>Assim como no ano passado, o calend\u00e1rio de pagamentos ser\u00e1 de cinco meses, de maio at\u00e9 setembro.<\/p>\n\n\n\n<p><strong>Veja quem deve declarar<\/strong><\/p>\n\n\n\n<p>&#8211; Recebeu renda tribut\u00e1vel em 2020 superior a R$ 28.559,70;<\/p>\n\n\n\n<p>&#8211; Recebeu receita bruta rural em 2020 superior a R$ 142.798,50;<\/p>\n\n\n\n<p>&#8211; Recebeu renda n\u00e3o tribut\u00e1vel em 2020 superior a R$ 40.000,00;<\/p>\n\n\n\n<p>&#8211; Encerrou 2020 com patrim\u00f4nio superior a R$ 300.000,00;<\/p>\n\n\n\n<p>&#8211; Recebeu aux\u00edlio emergencial em qualquer valor e outro rendimento tribut\u00e1vel superior a R$ 22.847,76;<\/p>\n\n\n\n<p>&#8211; Teve ganho de capital com venda de bens, realizou opera\u00e7\u00f5es na Bolsa ou pretende compensar preju\u00edzo com atividade rural.<\/p>\n\n\n\n<p><br><strong>Fonte:<\/strong> <strong>Estad\u00e3o Conte\u00fado<\/strong><\/p>\n","protected":false},"excerpt":{"rendered":"<p>Em 2020, por causa da pandemia de covid-19, o governo liberou o saque emergencial do Fundo de Garantia do Tempo de Servi\u00e7o (FGTS). O valor de at\u00e9 R$ R$ 1.045 ficou dispon\u00edvel de 15 de junho a 31 de dezembro em contas ativas e inativas que tinham saldo. Quem fez a retirada deve declarar o [&hellip;]<\/p>\n","protected":false},"author":1,"featured_media":19314,"comment_status":"open","ping_status":"open","sticky":false,"template":"","format":"standard","meta":{"beyondwords_generate_audio":"","beyondwords_project_id":"","beyondwords_podcast_id":"","beyondwords_hash":"","beyondwords_error_message":"","beyondwords_disabled":"","publish_post_to_speechkit":"","speechkit_generate_audio":"","speechkit_project_id":"","speechkit_podcast_id":"","speechkit_hash":"","speechkit_error_message":"","speechkit_disabled":"","speechkit_access_key":"","speechkit_error":"","speechkit_info":"","speechkit_response":"","speechkit_retries":"","_speechkit_link":"","_speechkit_text":""},"categories":[134],"tags":[2254,44,7638,514,3444,1418,5439,1031,6797,139],"jetpack_featured_media_url":"","_links":{"self":[{"href":"https:\/\/pinews.com.br\/index.php\/wp-json\/wp\/v2\/posts\/19313"}],"collection":[{"href":"https:\/\/pinews.com.br\/index.php\/wp-json\/wp\/v2\/posts"}],"about":[{"href":"https:\/\/pinews.com.br\/index.php\/wp-json\/wp\/v2\/types\/post"}],"author":[{"embeddable":true,"href":"https:\/\/pinews.com.br\/index.php\/wp-json\/wp\/v2\/users\/1"}],"replies":[{"embeddable":true,"href":"https:\/\/pinews.com.br\/index.php\/wp-json\/wp\/v2\/comments?post=19313"}],"version-history":[{"count":0,"href":"https:\/\/pinews.com.br\/index.php\/wp-json\/wp\/v2\/posts\/19313\/revisions"}],"wp:featuredmedia":[{"embeddable":true,"href":"https:\/\/pinews.com.br\/index.php\/wp-json\/"}],"wp:attachment":[{"href":"https:\/\/pinews.com.br\/index.php\/wp-json\/wp\/v2\/media?parent=19313"}],"wp:term":[{"taxonomy":"category","embeddable":true,"href":"https:\/\/pinews.com.br\/index.php\/wp-json\/wp\/v2\/categories?post=19313"},{"taxonomy":"post_tag","embeddable":true,"href":"https:\/\/pinews.com.br\/index.php\/wp-json\/wp\/v2\/tags?post=19313"}],"curies":[{"name":"wp","href":"https:\/\/api.w.org\/{rel}","templated":true}]}}