{"id":19381,"date":"2021-03-05T05:30:00","date_gmt":"2021-03-05T08:30:00","guid":{"rendered":"https:\/\/pinews.com.br\/?p=19381"},"modified":"2021-03-05T05:30:00","modified_gmt":"2021-03-05T08:30:00","slug":"justica-acata-pedido-do-mp-e-determina-instalacao-de-novos-leitos-de-uti-no-piaui","status":"publish","type":"post","link":"https:\/\/pinews.com.br\/index.php\/2021\/03\/05\/justica-acata-pedido-do-mp-e-determina-instalacao-de-novos-leitos-de-uti-no-piaui\/","title":{"rendered":"Justi\u00e7a acata pedido do MP e determina instala\u00e7\u00e3o de novos leitos de UTI no Piau\u00ed"},"content":{"rendered":"\n<p>A justi\u00e7a do Piau\u00ed acatou o pedido do Minist\u00e9rio P\u00fablico do Piau\u00ed (MP-PI) e determinou a instala\u00e7\u00e3o de novos leitos de Unidade de Terapia Intensiva (UTI) no Piau\u00ed. Conforme a decis\u00e3o, o estado deve voltar a ter 335 leitos para pacientes com Covid-19. Atualmente, o Piau\u00ed possui 252 leitos.<\/p>\n\n\n\n<p>Procuradas pelo&nbsp;<strong>G1<\/strong>, a Funda\u00e7\u00e3o Municipal de Sa\u00fade (FMS) informou que n\u00e3o foi notificada e responder\u00e1 nos atos do processo. J\u00e1 o secret\u00e1rio estadual de sa\u00fade, Florentino Neto, disse que, atualmente, o Piau\u00ed possui mais leitos do que possu\u00eda no ano passado.<\/p>\n\n\n\n<p>\u201cQuando comparamos o n\u00famero de leitos de UTI p\u00fablicos que temos no Piau\u00ed, temos 211 leitos nos hospitais estaduais. Quando n\u00f3s olhamos para o nosso relat\u00f3rio di\u00e1rio, o maior n\u00famero de leitos que tivemos no ano passado foi no dia 5 de agosto de 2020, quando t\u00ednhamos 200 leitos. Dessa forma, \u00e9 f\u00e1cil concluir que h\u00e1 mais leitos \u00e0 disposi\u00e7\u00e3o de terapia intensiva para pacientes com Covid-19\u201d, comentou.<\/p>\n\n\n\n<figure class=\"wp-block-image\"><img decoding=\"async\" src=\"https:\/\/s04.video.glbimg.com\/x240\/9321103.jpg\" alt=\"Secret\u00e1rio de Sa\u00fade fala sobre disponibilidade de leitos no Piau\u00ed\" title=\"Secret\u00e1rio de Sa\u00fade fala sobre disponibilidade de leitos no Piau\u00ed\"\/><figcaption>Secret\u00e1rio de Sa\u00fade fala sobre disponibilidade de leitos no Piau\u00ed Foto: Reprodu\u00e7\u00e3o<\/figcaption><\/figure>\n\n\n\n<p>Para o juiz Aderson Ant\u00f4nio Brito, as medidas restritivas impostas pelo Governo do Piau\u00ed n\u00e3o s\u00e3o suficientes para conter o avan\u00e7o da pandemia e que o momento pede a cria\u00e7\u00e3o de novos leitos.<\/p>\n\n\n\n<p>\u201c\u00c9 dever do Estado, diante do p\u00e2nico instalado na popula\u00e7\u00e3o, adotar todas as medidas necess\u00e1rias para disponibilizar a popula\u00e7\u00e3o um sistema de sa\u00fade apropriado para enfrentamento da pandemia\u201d, informou o magistrado.<\/p>\n\n\n\n<p>A a\u00e7\u00e3o pede ainda que os leitos permane\u00e7am ativos enquanto durar o estado de calamidade p\u00fablica em decorr\u00eancia da pandemia. O intuito \u00e9 diminuir a sobrecarga no atual quadro de ocupa\u00e7\u00e3o e esgotamento da rede de sa\u00fade do Piau\u00ed.<\/p>\n\n\n\n<h2>Aluguel de leitos na rede privada<\/h2>\n\n\n\n<figure class=\"wp-block-image\"><img decoding=\"async\" src=\"https:\/\/s01.video.glbimg.com\/x240\/9319512.jpg\" alt=\"MP pede na Justi\u00e7a a cria\u00e7\u00e3o de novos leitos de UTI no Piau\u00ed\" title=\"MP pede na Justi\u00e7a a cria\u00e7\u00e3o de novos leitos de UTI no Piau\u00ed\"\/><figcaption>MP pede na Justi\u00e7a a cria\u00e7\u00e3o de novos leitos de UTI no Piau\u00ed Foto: Reprodu\u00e7\u00e3o<\/figcaption><\/figure>\n\n\n\n<p>Um dos motivos para o n\u00famero reduzido de leitos alegado pelas autoridades de sa\u00fade \u00e9 o fato de que os hospitais privados, durante o auge da pandemia em 2020, alugavam leitos de UTI para o Estado. Em 2021, as autoridades afirmam que est\u00e3o tendo dificuldades em alugar novamente esses leitos.<\/p>\n\n\n\n<p>Em agosto de 2020, quando o Estado contava ao todo com 335 leitos de UTI, trinta deles ficavam em hospitais particulares, alugados pelo Governo do Estado. Atualmente, nenhum desses leitos est\u00e1 alugado.<\/p>\n\n\n\n<p><strong>Fonte: G1 PI<\/strong><\/p>\n","protected":false},"excerpt":{"rendered":"<p>A justi\u00e7a do Piau\u00ed acatou o pedido do Minist\u00e9rio P\u00fablico do Piau\u00ed (MP-PI) e determinou a instala\u00e7\u00e3o de novos leitos de Unidade de Terapia Intensiva (UTI) no Piau\u00ed. Conforme a decis\u00e3o, o estado deve voltar a ter 335 leitos para pacientes com Covid-19. Atualmente, o Piau\u00ed possui 252 leitos. Procuradas pelo&nbsp;G1, a Funda\u00e7\u00e3o Municipal de [&hellip;]<\/p>\n","protected":false},"author":1,"featured_media":18696,"comment_status":"open","ping_status":"open","sticky":false,"template":"","format":"standard","meta":{"beyondwords_generate_audio":"","beyondwords_project_id":"","beyondwords_podcast_id":"","beyondwords_hash":"","beyondwords_error_message":"","beyondwords_disabled":"","publish_post_to_speechkit":"","speechkit_generate_audio":"","speechkit_project_id":"","speechkit_podcast_id":"","speechkit_hash":"","speechkit_error_message":"","speechkit_disabled":"","speechkit_access_key":"","speechkit_error":"","speechkit_info":"","speechkit_response":"","speechkit_retries":"","_speechkit_link":"","_speechkit_text":""},"categories":[51,1288],"tags":[7662,44,6826,5880,1097,5383,596,5985,1928,52,792],"jetpack_featured_media_url":"","_links":{"self":[{"href":"https:\/\/pinews.com.br\/index.php\/wp-json\/wp\/v2\/posts\/19381"}],"collection":[{"href":"https:\/\/pinews.com.br\/index.php\/wp-json\/wp\/v2\/posts"}],"about":[{"href":"https:\/\/pinews.com.br\/index.php\/wp-json\/wp\/v2\/types\/post"}],"author":[{"embeddable":true,"href":"https:\/\/pinews.com.br\/index.php\/wp-json\/wp\/v2\/users\/1"}],"replies":[{"embeddable":true,"href":"https:\/\/pinews.com.br\/index.php\/wp-json\/wp\/v2\/comments?post=19381"}],"version-history":[{"count":0,"href":"https:\/\/pinews.com.br\/index.php\/wp-json\/wp\/v2\/posts\/19381\/revisions"}],"wp:featuredmedia":[{"embeddable":true,"href":"https:\/\/pinews.com.br\/index.php\/wp-json\/"}],"wp:attachment":[{"href":"https:\/\/pinews.com.br\/index.php\/wp-json\/wp\/v2\/media?parent=19381"}],"wp:term":[{"taxonomy":"category","embeddable":true,"href":"https:\/\/pinews.com.br\/index.php\/wp-json\/wp\/v2\/categories?post=19381"},{"taxonomy":"post_tag","embeddable":true,"href":"https:\/\/pinews.com.br\/index.php\/wp-json\/wp\/v2\/tags?post=19381"}],"curies":[{"name":"wp","href":"https:\/\/api.w.org\/{rel}","templated":true}]}}