{"id":19522,"date":"2021-03-08T10:32:19","date_gmt":"2021-03-08T13:32:19","guid":{"rendered":"https:\/\/pinews.com.br\/?p=19522"},"modified":"2021-03-08T10:32:19","modified_gmt":"2021-03-08T13:32:19","slug":"escritora-com-cancer-criou-casa-que-ja-ajudou-mais-de-4-mil-mulheres-no-piaui-deus-transformou-minha-dor-em-missao","status":"publish","type":"post","link":"https:\/\/pinews.com.br\/index.php\/2021\/03\/08\/escritora-com-cancer-criou-casa-que-ja-ajudou-mais-de-4-mil-mulheres-no-piaui-deus-transformou-minha-dor-em-missao\/","title":{"rendered":"Escritora com c\u00e2ncer criou casa que j\u00e1 ajudou mais de 4 mil mulheres no Piau\u00ed: &#8216;Deus transformou minha dor em miss\u00e3o&#8217;"},"content":{"rendered":"\n<p>Neste 8 de mar\u00e7o, Dia da Mulher, o <strong>G1<\/strong> conta a hist\u00f3ria da escritora Vania Rozzett, de 54 anos, que lida com o c\u00e2ncer desde 2014, quando recebeu o diagn\u00f3stico da doen\u00e7a. Durante o tratamento, ela viu a oportunidade de ajudar outras mulheres, que enfrentam o mesmo problema, criando uma casa de acolhimento, em Teresina, que j\u00e1 ajudou mais de 4 mil pacientes.<\/p>\n\n\n\n<blockquote class=\"wp-block-quote\"><p>\u201cDeus pegou minha dor e transformou em uma miss\u00e3o. Acasa serve para ajudar essas mulheres, l\u00e1 elas t\u00eam cama, kit higiene, acompanhamento psicol\u00f3gico, alimenta\u00e7\u00e3o, assist\u00eancia social e apoio espiritual &#8220;, disse Vania.<\/p><\/blockquote>\n\n\n\n<p>A casa, conhecida como Associa\u00e7\u00e3o Muito Al\u00e9m de um C\u00e2ncer (Amac), funciona desde 2018 e, atualmente, tem capacidade para acolher vinte mulheres, de forma gratuita.<\/p>\n\n\n\n<figure class=\"wp-block-image\"><img decoding=\"async\" src=\"https:\/\/s2.glbimg.com\/2bh8WH1_j_eNIxEuoDaxg57DWPI=\/0x394:960x1193\/984x0\/smart\/filters:strip_icc()\/i.s3.glbimg.com\/v1\/AUTH_59edd422c0c84a879bd37670ae4f538a\/internal_photos\/bs\/2021\/E\/J\/nfuDRkRtCbdmFkKx0QMg\/whatsapp-image-2021-03-04-at-22.05.40.jpeg\" alt=\"Casa de acolhimento para mulheres com c\u00e2ncer \u2014 Foto: Arquivo pessoal\"\/><figcaption>Casa de acolhimento para mulheres com c\u00e2ncer \u2014 Foto: Arquivo pessoal<\/figcaption><\/figure>\n\n\n\n<p>Sem apoio governamental, a Amac se mant\u00e9m atrav\u00e9s de doa\u00e7\u00f5es de pessoas, igrejas, rifas e da venda de livros da fundadora.<\/p>\n\n\n\n<p>\u201c\u00c9 uma casa que foi criada com muito amor e prop\u00f3sito, depois de eu ouvir muitas historias de mulheres que eram abandonadas pelos seus maridos. Recebemos as que vem do interior do Piau\u00ed e de qualquer parte do Brasil\u201d, contou Vania.<\/p>\n\n\n\n<h2>A vida com outros olhos<\/h2>\n\n\n\n<figure class=\"wp-block-image\"><img decoding=\"async\" src=\"https:\/\/s2.glbimg.com\/AnvSmqeVWqISpoNcrrKigh1czb8=\/0x0:1024x682\/1008x0\/smart\/filters:strip_icc()\/i.s3.glbimg.com\/v1\/AUTH_59edd422c0c84a879bd37670ae4f538a\/internal_photos\/bs\/2021\/C\/X\/cQoKBARUaD9aeAwyTjlg\/vania.jpeg\" alt=\"Vania Rozzett \u2014 Foto: Foto: Anderson Braga\"\/><figcaption>Vania Rozzett \u2014 Foto: Foto: Anderson Braga<\/figcaption><\/figure>\n\n\n\n<p>Vania afirmou que a experi\u00eancia com o c\u00e2ncer fez com que ela passasse a ver a vida com outros olhos e a valorizar as pequenas coisas. \u201cAprendi a levar a vida com leveza, a vida \u00e9 um presente\u201d, disse.<\/p>\n\n\n\n<p>\u201cHoje, para mim, a vida tem um sentido muito mais lindo. Dou valor a coisas mais simples, \u00e0s pessoas, \u00e0 minha fam\u00edlia, aos meus netos, \u00e0 minha alegria. N\u00e3o me permito mais ficar triste, porque a vida \u00e9 curta, precisamos aproveitar o m\u00e1ximo\u201d, completou.<\/p>\n\n\n\n<p>Durante o tratamento,&nbsp;Vania tamb\u00e9m foi diagnosticada com a Covid-19, em dezembro de 2020, chegando a ter que ficar internada para tratar da infec\u00e7\u00e3o pelo novo coronav\u00edrus.<\/p>\n\n\n\n<figure class=\"wp-block-image\"><img decoding=\"async\" src=\"https:\/\/s2.glbimg.com\/N9KLYEeiISv2OiSkXcNHsk_qiwE=\/0x181:819x891\/984x0\/smart\/filters:strip_icc()\/i.s3.glbimg.com\/v1\/AUTH_59edd422c0c84a879bd37670ae4f538a\/internal_photos\/bs\/2021\/i\/k\/fKMJLkSTKzB2CRdA4aZA\/whatsapp-image-2021-03-04-at-19.01.21.jpeg\" alt=\"Vania recebendo alta depois de superar a Covid-19 \u2014 Foto: Arquivo Pessoal\"\/><figcaption>Vania recebendo alta depois de superar a Covid-19 \u2014 Foto: Arquivo Pessoal<\/figcaption><\/figure>\n\n\n\n<p>Ela ficou internada por sete dias. &#8220;Foi um milagre, porque dei entrada com mais de 50% do pulm\u00e3o comprometido e tamb\u00e9m sou diab\u00e9tica. Vejo a m\u00e3o de Deus na minha vida e na minha hist\u00f3ria. Ainda estou me recuperando, pois fiquei com sequelas, mas meu pulm\u00e3o j\u00e1 est\u00e1 86% recuperado\u201d, relatou.<\/p>\n\n\n\n<p>Durante a interna\u00e7\u00e3o pela Covid-19, Vania gravava v\u00eddeos com mensagens de for\u00e7a, paz, f\u00e9 e alegria, que ela compartilhava nas redes sociais, na esperan\u00e7a que pudesse ajudar outras pessoas.<\/p>\n\n\n\n<p>\u201cEu preciso olhar para mim e pensar que Deus est\u00e1 comigo e todo o tempo eu pensava que iria sair bem. Eu pensava que tem pessoas melhores que eu, se olharmos para a dor do outro, vemos que pessoas que est\u00e3o piores que n\u00f3s\u201d, declarou.<\/p>\n\n\n\n<p><strong>Fonte: G1 PI<\/strong><\/p>\n","protected":false},"excerpt":{"rendered":"<p>Neste 8 de mar\u00e7o, Dia da Mulher, o G1 conta a hist\u00f3ria da escritora Vania Rozzett, de 54 anos, que lida com o c\u00e2ncer desde 2014, quando recebeu o diagn\u00f3stico da doen\u00e7a. Durante o tratamento, ela viu a oportunidade de ajudar outras mulheres, que enfrentam o mesmo problema, criando uma casa de acolhimento, em Teresina, [&hellip;]<\/p>\n","protected":false},"author":1,"featured_media":19523,"comment_status":"open","ping_status":"open","sticky":false,"template":"","format":"standard","meta":{"beyondwords_generate_audio":"","beyondwords_project_id":"","beyondwords_podcast_id":"","beyondwords_hash":"","beyondwords_error_message":"","beyondwords_disabled":"","publish_post_to_speechkit":"","speechkit_generate_audio":"","speechkit_project_id":"","speechkit_podcast_id":"","speechkit_hash":"","speechkit_error_message":"","speechkit_disabled":"","speechkit_access_key":"","speechkit_error":"","speechkit_info":"","speechkit_response":"","speechkit_retries":"","_speechkit_link":"","_speechkit_text":""},"categories":[51,81],"tags":[7704,1018,149,7705,44,7706,7253,46,7707,396,76,109,595,7708,422,52,7709],"jetpack_featured_media_url":"","_links":{"self":[{"href":"https:\/\/pinews.com.br\/index.php\/wp-json\/wp\/v2\/posts\/19522"}],"collection":[{"href":"https:\/\/pinews.com.br\/index.php\/wp-json\/wp\/v2\/posts"}],"about":[{"href":"https:\/\/pinews.com.br\/index.php\/wp-json\/wp\/v2\/types\/post"}],"author":[{"embeddable":true,"href":"https:\/\/pinews.com.br\/index.php\/wp-json\/wp\/v2\/users\/1"}],"replies":[{"embeddable":true,"href":"https:\/\/pinews.com.br\/index.php\/wp-json\/wp\/v2\/comments?post=19522"}],"version-history":[{"count":0,"href":"https:\/\/pinews.com.br\/index.php\/wp-json\/wp\/v2\/posts\/19522\/revisions"}],"wp:featuredmedia":[{"embeddable":true,"href":"https:\/\/pinews.com.br\/index.php\/wp-json\/"}],"wp:attachment":[{"href":"https:\/\/pinews.com.br\/index.php\/wp-json\/wp\/v2\/media?parent=19522"}],"wp:term":[{"taxonomy":"category","embeddable":true,"href":"https:\/\/pinews.com.br\/index.php\/wp-json\/wp\/v2\/categories?post=19522"},{"taxonomy":"post_tag","embeddable":true,"href":"https:\/\/pinews.com.br\/index.php\/wp-json\/wp\/v2\/tags?post=19522"}],"curies":[{"name":"wp","href":"https:\/\/api.w.org\/{rel}","templated":true}]}}