{"id":19540,"date":"2021-03-08T18:04:21","date_gmt":"2021-03-08T21:04:21","guid":{"rendered":"https:\/\/pinews.com.br\/?p=19540"},"modified":"2021-03-08T18:04:21","modified_gmt":"2021-03-08T21:04:21","slug":"agricultor-morre-esmagado-por-grade-de-trator-na-zona-rural-de-pio-ix","status":"publish","type":"post","link":"https:\/\/pinews.com.br\/index.php\/2021\/03\/08\/agricultor-morre-esmagado-por-grade-de-trator-na-zona-rural-de-pio-ix\/","title":{"rendered":"Agricultor morre esmagado por grade de trator na zona rural de Pio IX"},"content":{"rendered":"\n<p>Um agricultor de 49 anos, identificado como Jos\u00e9 Pereira Sobrinho, morreu durante um acidente de trabalho na manh\u00e3 desta segunda-feira (08), na localidade Baixa do Po\u00e7o, na zona rural do munic\u00edpio de Pio IX, Piau\u00ed, nas proximidades da BR-020.&nbsp;<\/p>\n\n\n\n<p>De acordo com informa\u00e7\u00f5es do Blog do&nbsp;<a href=\"https:\/\/www.facebook.com\/blogdolennobarbosaparambu\/\" rel=\"noreferrer noopener\" target=\"_blank\"><em><strong>Lenno Barbosa,<\/strong><\/em><\/a>&nbsp;a v\u00edtima estava preparando a grade do trator para arar terra, quando o ve\u00edculo come\u00e7ou a se movimentar. O agricultor caiu e a grade passou por cima, esmagando-o.<\/p>\n\n\n\n<p>Jos\u00e9 Pereira Sobrinho ainda chegou a ser socorrido para Picos, mas faleceu antes de dar entrada no hospital. O agricultor era casado, pai de 03 filhos e natural do munic\u00edpio de Parambu, no Cear\u00e1. Nas redes sociais, muitos moradores da regi\u00e3o lamentaram a trag\u00e9dia.&nbsp;<\/p>\n\n\n\n<p><strong>Fonte: Meio Norte\/ Com informa\u00e7\u00f5es do Blog do Lenno Barbosa<\/strong><\/p>\n","protected":false},"excerpt":{"rendered":"<p>Um agricultor de 49 anos, identificado como Jos\u00e9 Pereira Sobrinho, morreu durante um acidente de trabalho na manh\u00e3 desta segunda-feira (08), na localidade Baixa do Po\u00e7o, na zona rural do munic\u00edpio de Pio IX, Piau\u00ed, nas proximidades da BR-020.&nbsp; De acordo com informa\u00e7\u00f5es do Blog do&nbsp;Lenno Barbosa,&nbsp;a v\u00edtima estava preparando a grade do trator para [&hellip;]<\/p>\n","protected":false},"author":1,"featured_media":19543,"comment_status":"open","ping_status":"open","sticky":false,"template":"","format":"standard","meta":{"beyondwords_generate_audio":"","beyondwords_project_id":"","beyondwords_podcast_id":"","beyondwords_hash":"","beyondwords_error_message":"","beyondwords_disabled":"","publish_post_to_speechkit":"","speechkit_generate_audio":"","speechkit_project_id":"","speechkit_podcast_id":"","speechkit_hash":"","speechkit_error_message":"","speechkit_disabled":"","speechkit_access_key":"","speechkit_error":"","speechkit_info":"","speechkit_response":"","speechkit_retries":"","_speechkit_link":"","_speechkit_text":""},"categories":[51,308],"tags":[209,44,7211,7713,303,119,91,307,59,93,1239,97],"jetpack_featured_media_url":"","_links":{"self":[{"href":"https:\/\/pinews.com.br\/index.php\/wp-json\/wp\/v2\/posts\/19540"}],"collection":[{"href":"https:\/\/pinews.com.br\/index.php\/wp-json\/wp\/v2\/posts"}],"about":[{"href":"https:\/\/pinews.com.br\/index.php\/wp-json\/wp\/v2\/types\/post"}],"author":[{"embeddable":true,"href":"https:\/\/pinews.com.br\/index.php\/wp-json\/wp\/v2\/users\/1"}],"replies":[{"embeddable":true,"href":"https:\/\/pinews.com.br\/index.php\/wp-json\/wp\/v2\/comments?post=19540"}],"version-history":[{"count":0,"href":"https:\/\/pinews.com.br\/index.php\/wp-json\/wp\/v2\/posts\/19540\/revisions"}],"wp:featuredmedia":[{"embeddable":true,"href":"https:\/\/pinews.com.br\/index.php\/wp-json\/"}],"wp:attachment":[{"href":"https:\/\/pinews.com.br\/index.php\/wp-json\/wp\/v2\/media?parent=19540"}],"wp:term":[{"taxonomy":"category","embeddable":true,"href":"https:\/\/pinews.com.br\/index.php\/wp-json\/wp\/v2\/categories?post=19540"},{"taxonomy":"post_tag","embeddable":true,"href":"https:\/\/pinews.com.br\/index.php\/wp-json\/wp\/v2\/tags?post=19540"}],"curies":[{"name":"wp","href":"https:\/\/api.w.org\/{rel}","templated":true}]}}