{"id":19569,"date":"2021-03-09T11:02:56","date_gmt":"2021-03-09T14:02:56","guid":{"rendered":"https:\/\/pinews.com.br\/?p=19569"},"modified":"2021-03-09T11:02:56","modified_gmt":"2021-03-09T14:02:56","slug":"sindicato-apura-denuncias-sobre-condicoes-de-trabalho-no-hospital-de-bom-jesus","status":"publish","type":"post","link":"https:\/\/pinews.com.br\/index.php\/2021\/03\/09\/sindicato-apura-denuncias-sobre-condicoes-de-trabalho-no-hospital-de-bom-jesus\/","title":{"rendered":"Sindicato apura den\u00fancias sobre condi\u00e7\u00f5es de trabalho no hospital de Bom Jesus"},"content":{"rendered":"\n<p>Ap\u00f3s diversas den\u00fancias de servidores sobre condi\u00e7\u00f5es de trabalho no Hospital Regional Manoel de Sousa Santos, no munic\u00edpio de Bom Jesus, a diretora da Regional do Sindicato dos Empregados em Estabelecimentos de Sa\u00fade P\u00fablica do Piau\u00ed (Sindespi), visitou o hospital para apurar as den\u00fancias. Paula M\u00e9rcia se reuniu com servidores ouvindo as reclama\u00e7\u00f5es e vistoriando as condi\u00e7\u00f5es de trabalho inadequadas em alguns setores.<\/p>\n\n\n\n<p>\u201cRecebemos den\u00fancias em rela\u00e7\u00e3o a v\u00e1rios setores do hospital e marcamos reuni\u00e3o com a dire\u00e7\u00e3o do hospital. Os servidores que atuam na recep\u00e7\u00e3o reclamam da qualidade dos EPIs e do local que \u00e9 muito quente, comprometendo o pr\u00f3prio rendimento no trabalho. O pessoal da copa tamb\u00e9m reclama das condi\u00e7\u00f5es f\u00edsicas da \u00e1rea que \u00e9 muito quente, e alguns servidores j\u00e1 chegaram a passar mal de tanto calor. J\u00e1 os t\u00e9cnicos tamb\u00e9m reclamam da situa\u00e7\u00e3o da \u00e1rea de repouso que est\u00e1 prec\u00e1ria, uma situa\u00e7\u00e3o triste\u201d, afirmou a diretora do Sindespi, Paula M\u00e9rcia.<\/p>\n\n\n\n<p>Outra reclama\u00e7\u00e3o dos servidores \u00e9 sobre carga hor\u00e1ria e insalubridade. \u201cTodos os servidores reclamam do valor pago pela produ\u00e7\u00e3o, que \u00e9 muito pouco em rela\u00e7\u00e3o \u00e0 quantidade de trabalho, que aumentou. Os t\u00e9cnicos tamb\u00e9m est\u00e3o reclamando da diferen\u00e7a de carga hor\u00e1ria entre t\u00e9cnicos e enfermeiros. Foi marcada uma reuni\u00e3o desses profissionais com a dire\u00e7\u00e3o do hospital, para discutir carga hor\u00e1ria e insalubridade. Mas a data da reuni\u00e3o ainda foi marcada\u201d.<\/p>\n\n\n\n<p>A diretora Paula M\u00e9rcia explica que a atual diretora do hospital, a senhora Maria da Guia da Silva Pereira, argumentou que \u00e9 nova \u00e0 frente da gest\u00e3o do hospital, reconheceu as falhas, e se comprometeu a tomar as provid\u00eancias cab\u00edveis, e que se reunir\u00e1 com os servidores para tratar das reivindica\u00e7\u00f5es.<\/p>\n\n\n\n<p>Em rela\u00e7\u00e3o \u00e0 copa, a dire\u00e7\u00e3o informou ser\u00e1 ajeitada, mas que no momento a prioridade \u00e9 o setor Covid. Disse que ir\u00e1 resolver a solicita\u00e7\u00e3o do pessoal da cozinha, mas n\u00e3o definiu uma data. Em rela\u00e7\u00e3o ao setor de repouso, reconheceu que n\u00e3o est\u00e1 adequado e ir\u00e1 providenciar melhoras, como a troca dos colch\u00f5es. Argumentou que est\u00e1 tentando arrumar a casa e pediu um tempo para poder organizar tudo, e assim que o fizer, avisar\u00e1 ao sindicato.&nbsp;<\/p>\n\n\n\n<p>A dire\u00e7\u00e3o do Sindespi informa que continuar\u00e1 acompanhando a situa\u00e7\u00e3o e cobrando a resolu\u00e7\u00e3o dos problemas apontados. E que aguarda a confirma\u00e7\u00e3o de data para nova reuni\u00e3o com a Dire\u00e7\u00e3o do Hospital Regional de Bom Jesus em busca de respostas concretas para as quest\u00f5es apontadas.<\/p>\n\n\n\n<p><strong>Fonte: Cidade Verde<\/strong><\/p>\n","protected":false},"excerpt":{"rendered":"<p>Ap\u00f3s diversas den\u00fancias de servidores sobre condi\u00e7\u00f5es de trabalho no Hospital Regional Manoel de Sousa Santos, no munic\u00edpio de Bom Jesus, a diretora da Regional do Sindicato dos Empregados em Estabelecimentos de Sa\u00fade P\u00fablica do Piau\u00ed (Sindespi), visitou o hospital para apurar as den\u00fancias. Paula M\u00e9rcia se reuniu com servidores ouvindo as reclama\u00e7\u00f5es e vistoriando [&hellip;]<\/p>\n","protected":false},"author":1,"featured_media":19570,"comment_status":"open","ping_status":"open","sticky":false,"template":"","format":"standard","meta":{"beyondwords_generate_audio":"","beyondwords_project_id":"","beyondwords_podcast_id":"","beyondwords_hash":"","beyondwords_error_message":"","beyondwords_disabled":"","publish_post_to_speechkit":"","speechkit_generate_audio":"","speechkit_project_id":"","speechkit_podcast_id":"","speechkit_hash":"","speechkit_error_message":"","speechkit_disabled":"","speechkit_access_key":"","speechkit_error":"","speechkit_info":"","speechkit_response":"","speechkit_retries":"","_speechkit_link":"","_speechkit_text":""},"categories":[51],"tags":[5681,230,1055,44,775,339,232,2066,5607,934],"jetpack_featured_media_url":"","_links":{"self":[{"href":"https:\/\/pinews.com.br\/index.php\/wp-json\/wp\/v2\/posts\/19569"}],"collection":[{"href":"https:\/\/pinews.com.br\/index.php\/wp-json\/wp\/v2\/posts"}],"about":[{"href":"https:\/\/pinews.com.br\/index.php\/wp-json\/wp\/v2\/types\/post"}],"author":[{"embeddable":true,"href":"https:\/\/pinews.com.br\/index.php\/wp-json\/wp\/v2\/users\/1"}],"replies":[{"embeddable":true,"href":"https:\/\/pinews.com.br\/index.php\/wp-json\/wp\/v2\/comments?post=19569"}],"version-history":[{"count":0,"href":"https:\/\/pinews.com.br\/index.php\/wp-json\/wp\/v2\/posts\/19569\/revisions"}],"wp:featuredmedia":[{"embeddable":true,"href":"https:\/\/pinews.com.br\/index.php\/wp-json\/"}],"wp:attachment":[{"href":"https:\/\/pinews.com.br\/index.php\/wp-json\/wp\/v2\/media?parent=19569"}],"wp:term":[{"taxonomy":"category","embeddable":true,"href":"https:\/\/pinews.com.br\/index.php\/wp-json\/wp\/v2\/categories?post=19569"},{"taxonomy":"post_tag","embeddable":true,"href":"https:\/\/pinews.com.br\/index.php\/wp-json\/wp\/v2\/tags?post=19569"}],"curies":[{"name":"wp","href":"https:\/\/api.w.org\/{rel}","templated":true}]}}