{"id":19665,"date":"2021-03-12T10:31:45","date_gmt":"2021-03-12T13:31:45","guid":{"rendered":"https:\/\/pinews.com.br\/?p=19665"},"modified":"2021-03-12T10:31:45","modified_gmt":"2021-03-12T13:31:45","slug":"hgv-abrira-10-novas-vagas-de-uti-e-passa-a-contar-com-80-leitos-de-terapia-intensiva","status":"publish","type":"post","link":"https:\/\/pinews.com.br\/index.php\/2021\/03\/12\/hgv-abrira-10-novas-vagas-de-uti-e-passa-a-contar-com-80-leitos-de-terapia-intensiva\/","title":{"rendered":"HGV abrir\u00e1 10 novas vagas de UTI e passa a contar com 80 leitos de terapia intensiva"},"content":{"rendered":"\n<p>Com o aumento assustador de casos da Covid-19, o presidente da Funda\u00e7\u00e3o Estatal de Servi\u00e7os Hospitalares (Fepiserh), \u00cdtalo Rodrigues, e o diretor-geral do Hospital Get\u00falio Vargas (HGV), Osvaldo Mendes, reuniram-se, nesta quinta-feira (11), para definir a abertura de mais 10 leitos de Unidade de Terapia Intensiva (UTI) no HGV.<\/p>\n\n\n\n<p>Com a abertura, o hospital passa a ter 80 leitos de UTI, sendo 20 destinados a outras patologias e 60 somente para pacientes com Covid-19.<\/p>\n\n\n\n<p>O diretor-geral do HGV explica que est\u00e1 aguardando os equipamentos adquiridos pelo Minist\u00e9rio da Sa\u00fade, por meio de uma solicita\u00e7\u00e3o do governador Wellington Dias, para abrir os leitos. \u201cHoje nos reunimos com o presidente da Fepiserh e com toda a equipe do hospital para definir a abertura de mais 10 leitos de UTI Covid. Estamos somente aguardando os ventiladores e monitores que ir\u00e3o chegar de Bras\u00edlia para podermos iniciar essa nova UTI, t\u00e3o necess\u00e1ria para que possamos assistir nossa popula\u00e7\u00e3o\u201d, destaca Osvaldo Mendes.<\/p>\n\n\n\n<p>\u201cEstamos encerrando aqui no HGV uma reuni\u00e3o emergencial, onde a funda\u00e7\u00e3o e dire\u00e7\u00e3o do HGV vieram definir e tra\u00e7ar novas estrat\u00e9gias e ver a possibilidade de abrir mais 10 leitos de UTI Covid. Podemos observar que, no \u00faltimo fim de semana, ofertamos 50 leitos e, em praticamente tr\u00eas dias, tivemos toda a ocupa\u00e7\u00e3o dos leitos, chegando ao limite m\u00e1ximo. Assim, o Governo do Estado, Fepiserh e o HGV v\u00e3o ofertar mais 10 leitos. Estamos fazendo nosso trabalho, agora a popula\u00e7\u00e3o tamb\u00e9m precisa fazer a sua parte\u201d, destaca \u00cdtalo Rodrigues.<\/p>\n\n\n\n<p>Participaram tamb\u00e9m da reuni\u00e3o, o diretor administrativo do HGV, Fernando Danda; a gerente de Enfermagem, Olivia Leal; o coordenador das UTIs, Caubi Medeiros; o coordenador m\u00e9dico do Ambulat\u00f3rio Integrado, Napole\u00e3o Sousa; e o coordenador de Fisioterapia, Anchieta Filho.<\/p>\n\n\n\n<p><strong>Fonte: Cidade Verde<\/strong><\/p>\n","protected":false},"excerpt":{"rendered":"<p>Com o aumento assustador de casos da Covid-19, o presidente da Funda\u00e7\u00e3o Estatal de Servi\u00e7os Hospitalares (Fepiserh), \u00cdtalo Rodrigues, e o diretor-geral do Hospital Get\u00falio Vargas (HGV), Osvaldo Mendes, reuniram-se, nesta quinta-feira (11), para definir a abertura de mais 10 leitos de Unidade de Terapia Intensiva (UTI) no HGV. Com a abertura, o hospital passa [&hellip;]<\/p>\n","protected":false},"author":1,"featured_media":19666,"comment_status":"open","ping_status":"open","sticky":false,"template":"","format":"standard","meta":{"beyondwords_generate_audio":"","beyondwords_project_id":"","beyondwords_podcast_id":"","beyondwords_hash":"","beyondwords_error_message":"","beyondwords_disabled":"","publish_post_to_speechkit":"","speechkit_generate_audio":"","speechkit_project_id":"","speechkit_podcast_id":"","speechkit_hash":"","speechkit_error_message":"","speechkit_disabled":"","speechkit_access_key":"","speechkit_error":"","speechkit_info":"","speechkit_response":"","speechkit_retries":"","_speechkit_link":"","_speechkit_text":""},"categories":[51,1288,81],"tags":[408,5342,2680,7759,44,3127,7760,5383,4110,369,7761,792,6012],"jetpack_featured_media_url":"","_links":{"self":[{"href":"https:\/\/pinews.com.br\/index.php\/wp-json\/wp\/v2\/posts\/19665"}],"collection":[{"href":"https:\/\/pinews.com.br\/index.php\/wp-json\/wp\/v2\/posts"}],"about":[{"href":"https:\/\/pinews.com.br\/index.php\/wp-json\/wp\/v2\/types\/post"}],"author":[{"embeddable":true,"href":"https:\/\/pinews.com.br\/index.php\/wp-json\/wp\/v2\/users\/1"}],"replies":[{"embeddable":true,"href":"https:\/\/pinews.com.br\/index.php\/wp-json\/wp\/v2\/comments?post=19665"}],"version-history":[{"count":0,"href":"https:\/\/pinews.com.br\/index.php\/wp-json\/wp\/v2\/posts\/19665\/revisions"}],"wp:featuredmedia":[{"embeddable":true,"href":"https:\/\/pinews.com.br\/index.php\/wp-json\/"}],"wp:attachment":[{"href":"https:\/\/pinews.com.br\/index.php\/wp-json\/wp\/v2\/media?parent=19665"}],"wp:term":[{"taxonomy":"category","embeddable":true,"href":"https:\/\/pinews.com.br\/index.php\/wp-json\/wp\/v2\/categories?post=19665"},{"taxonomy":"post_tag","embeddable":true,"href":"https:\/\/pinews.com.br\/index.php\/wp-json\/wp\/v2\/tags?post=19665"}],"curies":[{"name":"wp","href":"https:\/\/api.w.org\/{rel}","templated":true}]}}