{"id":19675,"date":"2021-03-12T10:43:44","date_gmt":"2021-03-12T13:43:44","guid":{"rendered":"https:\/\/pinews.com.br\/?p=19675"},"modified":"2021-03-12T10:43:44","modified_gmt":"2021-03-12T13:43:44","slug":"piauiense-e-assassinado-e-tem-corpo-queimado-no-distrito-federal","status":"publish","type":"post","link":"https:\/\/pinews.com.br\/index.php\/2021\/03\/12\/piauiense-e-assassinado-e-tem-corpo-queimado-no-distrito-federal\/","title":{"rendered":"Piauiense \u00e9 assassinado e tem corpo queimado no Distrito Federal"},"content":{"rendered":"\n<p>Um homem identificado como Adilton Pereira da Silva, 36 anos, natural de Reden\u00e7\u00e3o do Gurgueia\/PI, foi assassinado na madrugada desta quinta-feira (11\/03), na Est\u00e2ncia Planaltina, no Distrito Federal.&nbsp;<\/p>\n\n\n\n<p>O homem, que vivia em situa\u00e7\u00e3o de rua, teria sido morto por d\u00edvidas com o tr\u00e1fico de drogas.<\/p>\n\n\n\n<figure class=\"wp-block-image\"><a href=\"https:\/\/storage.stwonline.com.br\/180graus\/uploads\/ckeditor\/pictures\/2429651\/157992079-1668415223352816-3656081275716889400-n.jpg\"><img decoding=\"async\" src=\"https:\/\/storage.stwonline.com.br\/180graus\/uploads\/ckeditor\/pictures\/2429651\/157992079-1668415223352816-3656081275716889400-n.jpg\" alt=\"\"\/><\/a><figcaption>Reprodu\u00e7\u00e3o<\/figcaption><\/figure>\n\n\n\n<p>Imagens de uma c\u00e2mera de seguran\u00e7a mostram ele sendo agredido&nbsp;por um rapaz no meio da rua. Horas depois ele foi achado morto com perfura\u00e7\u00f5es de faca e queimado pr\u00f3ximo de igreja.<\/p>\n\n\n\n<p>Um dos suspeitos do crime j\u00e1 foi preso.<\/p>\n\n\n\n<p><strong>Fonte: 180Graus\/ com as informa\u00e7\u00f5es  do<\/strong> <strong>Ocorr\u00eancias Policiais \u2013 Plan-DF<\/strong><\/p>\n","protected":false},"excerpt":{"rendered":"<p>Um homem identificado como Adilton Pereira da Silva, 36 anos, natural de Reden\u00e7\u00e3o do Gurgueia\/PI, foi assassinado na madrugada desta quinta-feira (11\/03), na Est\u00e2ncia Planaltina, no Distrito Federal.&nbsp; O homem, que vivia em situa\u00e7\u00e3o de rua, teria sido morto por d\u00edvidas com o tr\u00e1fico de drogas. Imagens de uma c\u00e2mera de seguran\u00e7a mostram ele sendo [&hellip;]<\/p>\n","protected":false},"author":1,"featured_media":19676,"comment_status":"open","ping_status":"open","sticky":false,"template":"","format":"standard","meta":{"beyondwords_generate_audio":"","beyondwords_project_id":"","beyondwords_podcast_id":"","beyondwords_hash":"","beyondwords_error_message":"","beyondwords_disabled":"","publish_post_to_speechkit":"","speechkit_generate_audio":"","speechkit_project_id":"","speechkit_podcast_id":"","speechkit_hash":"","speechkit_error_message":"","speechkit_disabled":"","speechkit_access_key":"","speechkit_error":"","speechkit_info":"","speechkit_response":"","speechkit_retries":"","_speechkit_link":"","_speechkit_text":""},"categories":[134,51,78],"tags":[364,55,5908,72,5461,511,1672,60],"jetpack_featured_media_url":"","_links":{"self":[{"href":"https:\/\/pinews.com.br\/index.php\/wp-json\/wp\/v2\/posts\/19675"}],"collection":[{"href":"https:\/\/pinews.com.br\/index.php\/wp-json\/wp\/v2\/posts"}],"about":[{"href":"https:\/\/pinews.com.br\/index.php\/wp-json\/wp\/v2\/types\/post"}],"author":[{"embeddable":true,"href":"https:\/\/pinews.com.br\/index.php\/wp-json\/wp\/v2\/users\/1"}],"replies":[{"embeddable":true,"href":"https:\/\/pinews.com.br\/index.php\/wp-json\/wp\/v2\/comments?post=19675"}],"version-history":[{"count":0,"href":"https:\/\/pinews.com.br\/index.php\/wp-json\/wp\/v2\/posts\/19675\/revisions"}],"wp:featuredmedia":[{"embeddable":true,"href":"https:\/\/pinews.com.br\/index.php\/wp-json\/"}],"wp:attachment":[{"href":"https:\/\/pinews.com.br\/index.php\/wp-json\/wp\/v2\/media?parent=19675"}],"wp:term":[{"taxonomy":"category","embeddable":true,"href":"https:\/\/pinews.com.br\/index.php\/wp-json\/wp\/v2\/categories?post=19675"},{"taxonomy":"post_tag","embeddable":true,"href":"https:\/\/pinews.com.br\/index.php\/wp-json\/wp\/v2\/tags?post=19675"}],"curies":[{"name":"wp","href":"https:\/\/api.w.org\/{rel}","templated":true}]}}