{"id":19688,"date":"2021-03-12T18:56:48","date_gmt":"2021-03-12T21:56:48","guid":{"rendered":"https:\/\/pinews.com.br\/?p=19688"},"modified":"2021-03-12T18:56:48","modified_gmt":"2021-03-12T21:56:48","slug":"sindicato-aciona-mpt-para-suspensao-das-aulas-presencias-no-piaui-apos-casos-de-professores-com-covid-19","status":"publish","type":"post","link":"https:\/\/pinews.com.br\/index.php\/2021\/03\/12\/sindicato-aciona-mpt-para-suspensao-das-aulas-presencias-no-piaui-apos-casos-de-professores-com-covid-19\/","title":{"rendered":"Sindicato aciona MPT para suspens\u00e3o das aulas presencias no Piau\u00ed ap\u00f3s casos de professores com Covid-19"},"content":{"rendered":"\n<p>O Sindicato dos Professores e Auxiliares da Administra\u00e7\u00e3o Escolar do Estado do Piau\u00ed (Sinpro) acionou o Minist\u00e9rio do Trabalho para a suspens\u00e3o das aulas presenciais por 15 dias. A decis\u00e3o veio ap\u00f3s o Sindicato das Escolas n\u00e3o acatar o pedido para manter apenas o ensino remoto durante o per\u00edodo considerado de pico da Covid-19 no estado.<\/p>\n\n\n\n<p>Para o Sinpro, a situa\u00e7\u00e3o de casos \u00e9 alarmante e requer uma preocupa\u00e7\u00e3o ainda maior com a sa\u00fade dos profissionais da educa\u00e7\u00e3o e dos alunos.<\/p>\n\n\n\n<p>\u201cEstamos tentando por diversos meios, seja atrav\u00e9s do Minist\u00e9rio do Trabalho e at\u00e9 mesmo um of\u00edcio destinado ao governador para que haja uma audi\u00eancia para discutir a suspens\u00e3o das aulas presenciais. As escolas p\u00fablicas est\u00e3o de forma remota, porque n\u00e3o podemos? N\u00e3o queremos fechar por muito tempo, somente at\u00e9 a situa\u00e7\u00e3o melhorar, quando o cen\u00e1rio estiver mais seguro a gente faria uma avalia\u00e7\u00e3o para esse retorno\u201d, declarou o diretor financeiro do Sinpro, Ricardo Lima Rodrigues.<\/p>\n\n\n\n<p>Desde o in\u00edcio das aulas, em 15 de janeiro, at\u00e9 hoje j\u00e1 foram mais de 206 profissionais da educa\u00e7\u00e3o infectados, al\u00e9m de 20 alunos infectados pelo novo coronav\u00edrus, segundo os dados repassados pelo Comit\u00ea de Opera\u00e7\u00f5es Emergenciais (COE) ao Sinpro. De acordo com o Sindicato dos professores e auxiliares, esses n\u00fameros podem ser ainda maiores, pois as escolas n\u00e3o est\u00e3o atualizando os dados.<\/p>\n\n\n\n<h2>Negocia\u00e7\u00f5es<\/h2>\n\n\n\n<p>Na quarta-feira (10), o Sinpro enviou um of\u00edcio ao Sindicato dos Estabelecimentos de Ensino do Estado do Piau\u00ed (Sinepe) pedido a suspens\u00e3o das aulas presenciais, consequentemente manter o ensino remoto. No pedido, o Sindicato dos Professores considerou o colapso no sistema de sa\u00fade do estado, que sofre com a falta de leitos de UTI.<\/p>\n\n\n\n<p>Em resposta, o Sindicato das escolas se posicionou contra a decis\u00e3o. O presidente do Sindicato dos Professores e Auxiliares da Administra\u00e7\u00e3o Escolar do Estado do Piau\u00ed (Sinepe), Marcelo Siqueira, negou casos de contamina\u00e7\u00e3o dentro das escolas e afirmou que a decis\u00e3o para a suspens\u00e3o das aulas cabe ao governo do estado.<\/p>\n\n\n\n<p>No dia seguinte, o Sindicato dos Professores participou de uma audi\u00eancia virtual com representantes do Sinepe, o COE e a Associa\u00e7\u00e3o de Pais para debater a suspens\u00e3o das aulas presencias e a manuten\u00e7\u00e3o do ensino remoto nas escolas particulares.<\/p>\n\n\n\n<p>Na reuni\u00e3o ficou definido que as proposi\u00e7\u00f5es e demandas apresentadas integrar\u00e3o um documento a ser realizado pelo Minist\u00e9rio P\u00fablico para que se obtenha um diagn\u00f3stico do contexto em que ocorre o processo de retomada das aulas presenciais no Piau\u00ed.<\/p>\n\n\n\n<p><strong>Fonte: G1 PI<\/strong><\/p>\n","protected":false},"excerpt":{"rendered":"<p>O Sindicato dos Professores e Auxiliares da Administra\u00e7\u00e3o Escolar do Estado do Piau\u00ed (Sinpro) acionou o Minist\u00e9rio do Trabalho para a suspens\u00e3o das aulas presenciais por 15 dias. A decis\u00e3o veio ap\u00f3s o Sindicato das Escolas n\u00e3o acatar o pedido para manter apenas o ensino remoto durante o per\u00edodo considerado de pico da Covid-19 no [&hellip;]<\/p>\n","protected":false},"author":1,"featured_media":19689,"comment_status":"open","ping_status":"open","sticky":false,"template":"","format":"standard","meta":{"beyondwords_generate_audio":"","beyondwords_project_id":"","beyondwords_podcast_id":"","beyondwords_hash":"","beyondwords_error_message":"","beyondwords_disabled":"","publish_post_to_speechkit":"","speechkit_generate_audio":"","speechkit_project_id":"","speechkit_podcast_id":"","speechkit_hash":"","speechkit_error_message":"","speechkit_disabled":"","speechkit_access_key":"","speechkit_error":"","speechkit_info":"","speechkit_response":"","speechkit_retries":"","_speechkit_link":"","_speechkit_text":""},"categories":[394,51],"tags":[914,70,5525,432,5307,888,44,7774,350,52,7569,1210,2066,2134],"jetpack_featured_media_url":"","_links":{"self":[{"href":"https:\/\/pinews.com.br\/index.php\/wp-json\/wp\/v2\/posts\/19688"}],"collection":[{"href":"https:\/\/pinews.com.br\/index.php\/wp-json\/wp\/v2\/posts"}],"about":[{"href":"https:\/\/pinews.com.br\/index.php\/wp-json\/wp\/v2\/types\/post"}],"author":[{"embeddable":true,"href":"https:\/\/pinews.com.br\/index.php\/wp-json\/wp\/v2\/users\/1"}],"replies":[{"embeddable":true,"href":"https:\/\/pinews.com.br\/index.php\/wp-json\/wp\/v2\/comments?post=19688"}],"version-history":[{"count":0,"href":"https:\/\/pinews.com.br\/index.php\/wp-json\/wp\/v2\/posts\/19688\/revisions"}],"wp:featuredmedia":[{"embeddable":true,"href":"https:\/\/pinews.com.br\/index.php\/wp-json\/"}],"wp:attachment":[{"href":"https:\/\/pinews.com.br\/index.php\/wp-json\/wp\/v2\/media?parent=19688"}],"wp:term":[{"taxonomy":"category","embeddable":true,"href":"https:\/\/pinews.com.br\/index.php\/wp-json\/wp\/v2\/categories?post=19688"},{"taxonomy":"post_tag","embeddable":true,"href":"https:\/\/pinews.com.br\/index.php\/wp-json\/wp\/v2\/tags?post=19688"}],"curies":[{"name":"wp","href":"https:\/\/api.w.org\/{rel}","templated":true}]}}