{"id":19700,"date":"2021-03-12T19:08:47","date_gmt":"2021-03-12T22:08:47","guid":{"rendered":"https:\/\/pinews.com.br\/?p=19700"},"modified":"2021-03-12T19:08:47","modified_gmt":"2021-03-12T22:08:47","slug":"jovens-estao-chegando-com-formas-graves-da-covid-alerta-diretor-de-hospital-de-picos","status":"publish","type":"post","link":"https:\/\/pinews.com.br\/index.php\/2021\/03\/12\/jovens-estao-chegando-com-formas-graves-da-covid-alerta-diretor-de-hospital-de-picos\/","title":{"rendered":"\u2018Jovens est\u00e3o chegando com formas graves da covid\u2019, alerta diretor de hospital de Picos"},"content":{"rendered":"\n<p>Pacientes infectados pelo novo coronav\u00edrus t\u00eam apresentado formas mais agressivas da doen\u00e7a. T\u00e9rcio Luz, diretor t\u00e9cnico do Hospital Justino Luz, em Picos, diz que a situa\u00e7\u00e3o \u00e9 preocupante e que jovens est\u00e3o contraindo a forma grave da doen\u00e7a e necessitam de entuba\u00e7\u00e3o.<\/p>\n\n\n\n<p>\u201cN\u00e3o \u00e9 s\u00f3 o n\u00famero que nos preocupa. O que t\u00e1 acontecendo \u00e9 que estamos vendo doentes com uma forma de doen\u00e7a mais agressiva, ou seja, j\u00e1 chegam com comprometimento pulmonar extenso e invertendo as curvas epidemiol\u00f3gicas: mais jovens est\u00e3o chegando com formas graves da doen\u00e7a, inclusive sendo entubados. A preocupa\u00e7\u00e3o \u00e9 que quantos mais casos se tem da doen\u00e7a, mais pacientes s\u00e3o internados e v\u00e3o precisar de UTI. \u00c9 uma doen\u00e7a que n\u00e3o tem um tratamento espec\u00edfico. A gente melhorou os cuidados com os pacientes, mas ainda h\u00e1 muito o que se descobrir sobre um tratamento realmente curativo espec\u00edfico\u201d, disse Luz.<\/p>\n\n\n\n<p>Atualmente, a cidade de Picos tem 20 leitos de UTIs, sendo que 13% est\u00e3o ocupados. A ocupa\u00e7\u00e3o \u00e9 de 65%, mas j\u00e1 chegou a 90% no in\u00edcio da semana. Sobre a abertura de mais leitos, T\u00e9rcio Luz ressalta que falta espa\u00e7o f\u00edsico.<\/p>\n\n\n\n<p>\u201cEsta semana chegamos a 90% de ocupa\u00e7\u00e3o dos leitos. Com altas e \u00f3bitos ocorridos estamos em 65%. Todo hospital est\u00e1 ocupado. Temos 30 leitos de UTI, mas dez s\u00e3o de UTI geral que tem uma demanda muita alta e n\u00e3o tem como retir\u00e1-la da parte hospitalar. \u00c0s vezes, a popula\u00e7\u00e3o fica com a expectativa de um ventilador mec\u00e2nico que \u00e9 o mais f\u00e1cil. O Minist\u00e9rio da Sa\u00fade e Secretaria de Sa\u00fade do Estado conseguiram garantir o fornecimento. O problema \u00e9 que por tr\u00e1s do ventilador h\u00e1 uma equipe multiprofissional com m\u00e9dico, fisioterapeuta, t\u00e9cnico em Enfermagem e, muitas vezes, esses recursos humanos n\u00e3o s\u00e3o poss\u00edveis de conseguir\u201d, explica Luz.<\/p>\n\n\n\n<p>A cidade de Picos fica no Territ\u00f3rio Rio Guaribas e \u00e9 refer\u00eancia para  45 munic\u00edpios, totalizando quase 500 mil habitantes.<\/p>\n\n\n\n<p><strong>Fonte: Graciane Sousa\/ Cidade Verde<\/strong><\/p>\n","protected":false},"excerpt":{"rendered":"<p>Pacientes infectados pelo novo coronav\u00edrus t\u00eam apresentado formas mais agressivas da doen\u00e7a. T\u00e9rcio Luz, diretor t\u00e9cnico do Hospital Justino Luz, em Picos, diz que a situa\u00e7\u00e3o \u00e9 preocupante e que jovens est\u00e3o contraindo a forma grave da doen\u00e7a e necessitam de entuba\u00e7\u00e3o. \u201cN\u00e3o \u00e9 s\u00f3 o n\u00famero que nos preocupa. O que t\u00e1 acontecendo \u00e9 [&hellip;]<\/p>\n","protected":false},"author":1,"featured_media":19701,"comment_status":"open","ping_status":"open","sticky":false,"template":"","format":"standard","meta":{"beyondwords_generate_audio":"","beyondwords_project_id":"","beyondwords_podcast_id":"","beyondwords_hash":"","beyondwords_error_message":"","beyondwords_disabled":"","publish_post_to_speechkit":"","speechkit_generate_audio":"","speechkit_project_id":"","speechkit_podcast_id":"","speechkit_hash":"","speechkit_error_message":"","speechkit_disabled":"","speechkit_access_key":"","speechkit_error":"","speechkit_info":"","speechkit_response":"","speechkit_retries":"","_speechkit_link":"","_speechkit_text":""},"categories":[51,126,1288],"tags":[1403,7778,2406,122,44,5594,5609,7779,6023,339,542,125],"jetpack_featured_media_url":"","_links":{"self":[{"href":"https:\/\/pinews.com.br\/index.php\/wp-json\/wp\/v2\/posts\/19700"}],"collection":[{"href":"https:\/\/pinews.com.br\/index.php\/wp-json\/wp\/v2\/posts"}],"about":[{"href":"https:\/\/pinews.com.br\/index.php\/wp-json\/wp\/v2\/types\/post"}],"author":[{"embeddable":true,"href":"https:\/\/pinews.com.br\/index.php\/wp-json\/wp\/v2\/users\/1"}],"replies":[{"embeddable":true,"href":"https:\/\/pinews.com.br\/index.php\/wp-json\/wp\/v2\/comments?post=19700"}],"version-history":[{"count":0,"href":"https:\/\/pinews.com.br\/index.php\/wp-json\/wp\/v2\/posts\/19700\/revisions"}],"wp:featuredmedia":[{"embeddable":true,"href":"https:\/\/pinews.com.br\/index.php\/wp-json\/"}],"wp:attachment":[{"href":"https:\/\/pinews.com.br\/index.php\/wp-json\/wp\/v2\/media?parent=19700"}],"wp:term":[{"taxonomy":"category","embeddable":true,"href":"https:\/\/pinews.com.br\/index.php\/wp-json\/wp\/v2\/categories?post=19700"},{"taxonomy":"post_tag","embeddable":true,"href":"https:\/\/pinews.com.br\/index.php\/wp-json\/wp\/v2\/tags?post=19700"}],"curies":[{"name":"wp","href":"https:\/\/api.w.org\/{rel}","templated":true}]}}