{"id":19748,"date":"2021-03-14T10:42:57","date_gmt":"2021-03-14T13:42:57","guid":{"rendered":"https:\/\/pinews.com.br\/?p=19748"},"modified":"2021-03-14T10:42:57","modified_gmt":"2021-03-14T13:42:57","slug":"covid-19-veja-a-ocupacao-dos-leitos-de-uti-e-enfermeira-no-piaui-e-em-teresina","status":"publish","type":"post","link":"https:\/\/pinews.com.br\/index.php\/2021\/03\/14\/covid-19-veja-a-ocupacao-dos-leitos-de-uti-e-enfermeira-no-piaui-e-em-teresina\/","title":{"rendered":"Covid-19: veja a ocupa\u00e7\u00e3o dos leitos de UTI e enfermeira no Piau\u00ed e em Teresina"},"content":{"rendered":"\n<p>Veja a situa\u00e7\u00e3o do Sistema \u00danico de Sa\u00fade (SUS) em hospitais em Teresina, de acordo com dados divulgados \u00e0s 19h58 de sexta-feira (12) pela Secretaria de Estado da Sa\u00fade (Sesapi).<\/p>\n\n\n\n<h2>Leitos de UTI e enfermaria em Teresina<\/h2>\n\n\n\n<p><strong>Leitos de UTI Covid-19 em Teresina<\/strong><\/p>\n\n\n\n<figure class=\"wp-block-table\"><table><tbody><tr><td>Nome do Hospital<\/td><td>Leitos totais<\/td><td>Leitos ocupados<\/td><td>Taxa de ocupa\u00e7\u00e3o<\/td><\/tr><tr><td>Hospital da Pol\u00edcia Militar Dirceu Arcoverde (HPM)<\/td><td>10<\/td><td>10<\/td><td>100%<\/td><\/tr><tr><td>Hospital de Doen\u00e7as Tropicais Natan Portella<\/td><td>20<\/td><td>20<\/td><td>100%<\/td><\/tr><tr><td>Hospital de Urg\u00eancia de Teresina Zenon Rocha (HUT)<\/td><td>28<\/td><td>27<\/td><td>96%<\/td><\/tr><tr><td>Hospital Geral do Monte Castelo<\/td><td>20<\/td><td>20<\/td><td>100%<\/td><\/tr><tr><td>Hospital Get\u00falio Vargas (HGV)<\/td><td>50<\/td><td>47<\/td><td>94%<\/td><\/tr><tr><td>Hospital Infantil Lucidio Portella (HILP)<\/td><td>9<\/td><td>3<\/td><td>33%<\/td><\/tr><tr><td>Hospital Universit\u00e1rio da Universidade Federal do Piau\u00ed (HU-PI)<\/td><td>30<\/td><td>28<\/td><td>93%<\/td><\/tr><tr><td>Maternidade Dona Evangelina Rosa (MDER)<\/td><td>12<\/td><td>7<\/td><td>58%<\/td><\/tr><tr><td>Total UTI Teresina<\/td><td>179<\/td><td>162<\/td><td>90,5%<\/td><\/tr><\/tbody><\/table><figcaption>Fonte: Secretaria de Estado de Sa\u00fade do Piau\u00ed (Sesapi)<\/figcaption><\/figure>\n\n\n\n<p><strong>Leitos de enfermaria Covid-19 em Teresina<\/strong><\/p>\n\n\n\n<figure class=\"wp-block-table\"><table><tbody><tr><td>Nome do hospital<\/td><td>Leitos totais<\/td><td>Leito ocupados<\/td><td>Taxa de ocupa\u00e7\u00e3o<\/td><\/tr><tr><td>Hospital Areolino de Abreu<\/td><td>3<\/td><td>1<\/td><td>33%<\/td><\/tr><tr><td>Hospital da Pol\u00edcia Militar Dirceu Arcoverde (HPM)<\/td><td>26<\/td><td>23<\/td><td>88%<\/td><\/tr><tr><td>Hospital de Doen\u00e7as Tropicais Natan Portella<\/td><td>12<\/td><td>9<\/td><td>75%<\/td><\/tr><tr><td>Hospital Geral do Monte Castelo<\/td><td>29<\/td><td>29<\/td><td>100%<\/td><\/tr><tr><td>Hospital Universit\u00e1rio da Universidade Federal do Piau\u00ed (HU-PI)<\/td><td>18<\/td><td>18<\/td><td>100%<\/td><\/tr><tr><td>Maternidade Dona Evangelina Rosa (MDER)<\/td><td>20<\/td><td>17<\/td><td>85%<\/td><\/tr><tr><td>Unidade de Sa\u00fade do Promorar<\/td><td>10<\/td><td>3<\/td><td>30%<\/td><\/tr><tr><td>Total leitos de enfermaria &#8211; Teresina<\/td><td>118<\/td><td>100<\/td><td>85%<\/td><\/tr><\/tbody><\/table><figcaption>Fonte: Secretaria de Estado de Sa\u00fade do Piau\u00ed (Sesapi)<\/figcaption><\/figure>\n\n\n\n<h2>Leitos de UTI e enfermaria nas cidades do interior do Piau\u00ed<\/h2>\n\n\n\n<p><strong>Leitos de UTI Covid-19 no Piau\u00ed<\/strong><\/p>\n\n\n\n<figure class=\"wp-block-table\"><table><tbody><tr><td>Cidade<\/td><td>Nome do hospitais<\/td><td>Leitos totais<\/td><td>Leitos ocupados<\/td><td>Taxa de ocupa\u00e7\u00e3o<\/td><\/tr><tr><td>Bom Jesus<\/td><td>Hospital Regional de Bom Jesus<\/td><td>9<\/td><td>7<\/td><td>78%<\/td><\/tr><tr><td>Floriano<\/td><td>Hospital Regional Tib\u00e9rio Nunes<\/td><td>20<\/td><td>18<\/td><td>90%<\/td><\/tr><tr><td>Oeiras<\/td><td>Hospital Regional Deolindo Couto<\/td><td>9<\/td><td>7<\/td><td>78%<\/td><\/tr><tr><td>Parna\u00edba<\/td><td>Hospital Estadual Dirceu Arcoverde<\/td><td>28<\/td><td>25<\/td><td>89%<\/td><\/tr><tr><td>Picos<\/td><td>Hospital Regional Justino Luz<\/td><td>20<\/td><td>14<\/td><td>70%<\/td><\/tr><tr><td>Piripiri<\/td><td>Hospital Regional Chagas Rodrigues<\/td><td>20<\/td><td>20<\/td><td>100%<\/td><\/tr><tr><td>S\u00e3o Raimundo Nonato<\/td><td>Hospital Regional Sen Candido Ferraz<\/td><td>15<\/td><td>15<\/td><td>100%<\/td><\/tr><tr><td>Total<\/td><td><\/td><td>121<\/td><td>106<\/td><td>88%<\/td><\/tr><\/tbody><\/table><figcaption>Fonte: Secretaria de Estado de Sa\u00fade do Piau\u00ed (Sesapi)<\/figcaption><\/figure>\n\n\n\n<p><strong>Leitos de enfermaria Covid-19 no Piau\u00ed<\/strong><\/p>\n\n\n\n<figure class=\"wp-block-table\"><table><tbody><tr><td>Cidade<\/td><td>Nome do Hospital<\/td><td>Leitos totais<\/td><td>Leitos ocupados<\/td><td>Taxa de ocupa\u00e7\u00e3o<\/td><\/tr><tr><td>\u00c1gua Branca<\/td><td>Hospital Municipal Dirceu Arcoverde<\/td><td>5<\/td><td>5<\/td><td>100%<\/td><\/tr><tr><td>Altos<\/td><td>Hospital Municipal Jos\u00e9 Gil Barbosa<\/td><td>3<\/td><td>10<\/td><td>300%<\/td><\/tr><tr><td>Amarante<\/td><td>Hospital de Amarante<\/td><td>7<\/td><td>3<\/td><td>43%<\/td><\/tr><tr><td>Barras<\/td><td>Hospital Regional Leonidas Melo<\/td><td>10<\/td><td>9<\/td><td>90%<\/td><\/tr><tr><td>Bom Jesus<\/td><td>Hospital Regional de Bom Jesus<\/td><td>12<\/td><td>9<\/td><td>75%<\/td><\/tr><tr><td>Campo Maior<\/td><td>Hospital Regional de Campo Maior<\/td><td>40<\/td><td>19<\/td><td>47,5%<\/td><\/tr><tr><td>Canto do Buriti<\/td><td>Hospital Estadual de Canto do Buriti<\/td><td>10<\/td><td>3<\/td><td>30%<\/td><\/tr><tr><td>Corrente<\/td><td>Hospital Regional Dr. Jo\u00e3o Pacheco Cavalcante<\/td><td>13<\/td><td>1<\/td><td>8%<\/td><\/tr><tr><td>Curimat\u00e1<\/td><td>Hospital Local J\u00falio B. de Macedo<\/td><td>9<\/td><td>5<\/td><td>55,5%<\/td><\/tr><tr><td>Demerval Lob\u00e3o<\/td><td>Hospital Local de Demerval Lob\u00e3o<\/td><td>6<\/td><td>6<\/td><td>100%<\/td><\/tr><tr><td>Elesb\u00e3o Veloso<\/td><td>Hospital Estadual Noberto Moura<\/td><td>5<\/td><td>0<\/td><td>0%<\/td><\/tr><tr><td>Esperantina<\/td><td>Hospital Regional J\u00falio Hartman<\/td><td>10<\/td><td>9<\/td><td>90%<\/td><\/tr><tr><td>Floriano<\/td><td>Hospital Regional Tib\u00e9rio Nunes<\/td><td>30<\/td><td>24<\/td><td>80%<\/td><\/tr><tr><td>Luzil\u00e2ndia<\/td><td>Hospital Local de Luzil\u00e2ndia<\/td><td>6<\/td><td>5<\/td><td>83%<\/td><\/tr><tr><td>Oeiras<\/td><td>Hospital Regional Deolindo Couto<\/td><td>24<\/td><td>19<\/td><td>79%<\/td><\/tr><tr><td>Parna\u00edba<\/td><td>Hospital Estadual Dirceu Arcoverde<\/td><td>55<\/td><td>46<\/td><td>84%<\/td><\/tr><tr><td>Paulistana<\/td><td>Hospital Regional Mariana Pires Ferreira<\/td><td>8<\/td><td>2<\/td><td>25%<\/td><\/tr><tr><td>Picos<\/td><td>Hospital Regional Justino Luz<\/td><td>35<\/td><td>26<\/td><td>74%<\/td><\/tr><tr><td>Piripiri<\/td><td>Hospital Regional Chagas Rodrigues<\/td><td>28<\/td><td>24<\/td><td>86%<\/td><\/tr><tr><td>S\u00e3o Jo\u00e3o do Piau\u00ed<\/td><td>Hospital Regional Teresinha Nunes de Barros<\/td><td>13<\/td><td>4<\/td><td>31%<\/td><\/tr><tr><td>S\u00e3o Miguel do Tapuio<\/td><td>Hospital Estadual Jos\u00e9 Furtado de Mendon\u00e7a<\/td><td>2<\/td><td>1<\/td><td>50%<\/td><\/tr><tr><td>Simpl\u00edcio Mendes<\/td><td>Hospital Estadual Jos\u00e9 de Moura F\u00e9<\/td><td>8<\/td><td>6<\/td><td>75%<\/td><\/tr><tr><td>S\u00e3o Raimundo Nonato<\/td><td>Hospital Regional Sen. C\u00e2ndito Ferraz<\/td><td>20<\/td><td>10<\/td><td>50%<\/td><\/tr><tr><td>Uni\u00e3o<\/td><td>Hospital Dr. Jos\u00e9 da Rocha Furtado<\/td><td>4<\/td><td>2<\/td><td>50%<\/td><\/tr><tr><td>Uru\u00e7u\u00ed<\/td><td>Hospital Regional Sen Dirceu Arcoverde<\/td><td>12<\/td><td>3<\/td><td>25%<\/td><\/tr><tr><td>Valen\u00e7a do Piau\u00ed<\/td><td>Hospital Regional Eustaquio Portela<\/td><td>7<\/td><td>5<\/td><td>71%<\/td><\/tr><tr><td>Total<\/td><td><\/td><td>382<\/td><td>256<\/td><td>67%<\/td><\/tr><\/tbody><\/table><figcaption>Fonte: Secretaria de Estado de Sa\u00fade do Piau\u00ed (Sesapi)<\/figcaption><\/figure>\n\n\n\n<p><strong>Fonte: G1 PI<\/strong><\/p>\n","protected":false},"excerpt":{"rendered":"<p>Veja a situa\u00e7\u00e3o do Sistema \u00danico de Sa\u00fade (SUS) em hospitais em Teresina, de acordo com dados divulgados \u00e0s 19h58 de sexta-feira (12) pela Secretaria de Estado da Sa\u00fade (Sesapi). Leitos de UTI e enfermaria em Teresina Leitos de UTI Covid-19 em Teresina Nome do Hospital Leitos totais Leitos ocupados Taxa de ocupa\u00e7\u00e3o Hospital da [&hellip;]<\/p>\n","protected":false},"author":1,"featured_media":19749,"comment_status":"open","ping_status":"open","sticky":false,"template":"","format":"standard","meta":{"beyondwords_generate_audio":"","beyondwords_project_id":"","beyondwords_podcast_id":"","beyondwords_hash":"","beyondwords_error_message":"","beyondwords_disabled":"","publish_post_to_speechkit":"","speechkit_generate_audio":"","speechkit_project_id":"","speechkit_podcast_id":"","speechkit_hash":"","speechkit_error_message":"","speechkit_disabled":"","speechkit_access_key":"","speechkit_error":"","speechkit_info":"","speechkit_response":"","speechkit_retries":"","_speechkit_link":"","_speechkit_text":""},"categories":[51,1288,81],"tags":[5307,44,478,46,781,5383,7573,52,187,792,425],"jetpack_featured_media_url":"","_links":{"self":[{"href":"https:\/\/pinews.com.br\/index.php\/wp-json\/wp\/v2\/posts\/19748"}],"collection":[{"href":"https:\/\/pinews.com.br\/index.php\/wp-json\/wp\/v2\/posts"}],"about":[{"href":"https:\/\/pinews.com.br\/index.php\/wp-json\/wp\/v2\/types\/post"}],"author":[{"embeddable":true,"href":"https:\/\/pinews.com.br\/index.php\/wp-json\/wp\/v2\/users\/1"}],"replies":[{"embeddable":true,"href":"https:\/\/pinews.com.br\/index.php\/wp-json\/wp\/v2\/comments?post=19748"}],"version-history":[{"count":0,"href":"https:\/\/pinews.com.br\/index.php\/wp-json\/wp\/v2\/posts\/19748\/revisions"}],"wp:featuredmedia":[{"embeddable":true,"href":"https:\/\/pinews.com.br\/index.php\/wp-json\/"}],"wp:attachment":[{"href":"https:\/\/pinews.com.br\/index.php\/wp-json\/wp\/v2\/media?parent=19748"}],"wp:term":[{"taxonomy":"category","embeddable":true,"href":"https:\/\/pinews.com.br\/index.php\/wp-json\/wp\/v2\/categories?post=19748"},{"taxonomy":"post_tag","embeddable":true,"href":"https:\/\/pinews.com.br\/index.php\/wp-json\/wp\/v2\/tags?post=19748"}],"curies":[{"name":"wp","href":"https:\/\/api.w.org\/{rel}","templated":true}]}}