{"id":19758,"date":"2021-03-14T19:16:32","date_gmt":"2021-03-14T22:16:32","guid":{"rendered":"https:\/\/pinews.com.br\/?p=19758"},"modified":"2021-03-14T19:16:32","modified_gmt":"2021-03-14T22:16:32","slug":"governo-do-piaui-anuncia-auxilio-de-r-1-mil-para-trabalhadores-de-bares-restaurantes-e-eventos","status":"publish","type":"post","link":"https:\/\/pinews.com.br\/index.php\/2021\/03\/14\/governo-do-piaui-anuncia-auxilio-de-r-1-mil-para-trabalhadores-de-bares-restaurantes-e-eventos\/","title":{"rendered":"Governo do Piau\u00ed anuncia aux\u00edlio de R$ 1 mil para trabalhadores de bares, restaurantes e eventos"},"content":{"rendered":"\n<p>O Governo do Piau\u00ed divulgou, neste domingo (14), um&nbsp;aux\u00edlio financeiro de R$ 1 mil para trabalhadores de bares, restaurantes e eventos&nbsp;devido aos impactos econ\u00f4micos da pandemia da Covid-19 nesses setores. Em v\u00eddeo publicado nas redes sociais,&nbsp;o secret\u00e1rio estadual de Fazenda, Rafael Fonteles, anunciou outras medidas:<\/p>\n\n\n\n<ul><li><strong>Novo Refis para d\u00e9bitos de ICMS e IPVA com redu\u00e7\u00e3o de juros, multas e parcelamento maior;<\/strong><\/li><li><strong>O governo solicitou ao Simples Nacional a prorroga\u00e7\u00e3o de 90 dias do pagamento dos impostos de mar\u00e7o, abril e maio;<\/strong><\/li><li><strong>Nova linha de financiamento da Ag\u00eancia de Fomento do Piau\u00ed de at\u00e9 R$ 50 milh\u00f5es para micro e pequenos empreendedores com maior agilidade e taxas reduzidas.<\/strong><\/li><\/ul>\n\n\n\n<p>\u201cEm fun\u00e7\u00e3o dessa segunda onda da pandemia da Covid-19, o governo do estado estabeleceu um conjunto de medidas econ\u00f4micas para reduzir os efeitos gerados por essa crise sanit\u00e1ria\u201d, disse Rafael Fonteles.<\/p>\n\n\n\n<p>Segundo o secret\u00e1rio, o aux\u00edlio aos trabalhadores de bares, restaurantes e eventos ser\u00e1 coordenado pela Secretaria de Desenvolvimento Econ\u00f4mico do Piau\u00ed. &#8220;Sem d\u00favida esse \u00e9 um segmento bastante afetado por essa pandemia&#8221;, afirmou<\/p>\n\n\n\n<p>O governo n\u00e3o informou a partir de quando e como os interessados poder\u00e3o solicitar alguma das medidas. Os detalhes dever\u00e3o ser anunciados em breve.<\/p>\n\n\n\n<h2>Atividades n\u00e3o-essenciais<\/h2>\n\n\n\n<figure class=\"wp-block-image\"><img decoding=\"async\" src=\"https:\/\/s2.glbimg.com\/6JAMUAynqnLGYws7SsirNqhMW1c=\/0x0:957x538\/984x0\/smart\/filters:strip_icc()\/i.s3.glbimg.com\/v1\/AUTH_59edd422c0c84a879bd37670ae4f538a\/internal_photos\/bs\/2021\/1\/x\/AGABUBTVOvQk5ItyGzKw\/captura-de-tela-2021-03-04-as-09.26.20.jpg\" alt=\"Pol\u00edcia Militar fiscaliza toque de recolher durante a pandemia da Covid-19 em Teresina \u2014 Foto: Reprodu\u00e7\u00e3o\/TV Clube\"\/><figcaption>Pol\u00edcia Militar fiscaliza toque de recolher durante a pandemia da Covid-19 em Teresina \u2014 Foto: Reprodu\u00e7\u00e3o\/TV Clube<\/figcaption><\/figure>\n\n\n\n<p>Bares, restaurantes e eventos s\u00e3o algumas das atividades n\u00e3o consideradas essenciais e que ter\u00e3o seu funcionamento reduzido a partir do dia 21 de mar\u00e7o, de acordo com an\u00fancio do governo do estado, no s\u00e1bado (13), de novas medidas restritivas para combater o agravamento da pandemia.<\/p>\n\n\n\n<p>Segundo o governo, as atividades comerciais n\u00e3o-essenciais s\u00f3 poder\u00e3o funcionar de segunda a quarta-feira.&nbsp;Al\u00e9m disso, o toque de recolher&nbsp;ser\u00e1 a partir de 21h.&nbsp;O decreto ainda n\u00e3o foi publicado.<\/p>\n\n\n\n<p>Conforme o governo, de quinta-feira a domingo, dias em que somente os servi\u00e7os essenciais poder\u00e3o funcionar, tamb\u00e9m ser\u00e3o suspensas as atividades presenciais em escolas, igrejas e academias de gin\u00e1stica.<\/p>\n\n\n\n<p><strong>Fonte: G1 PI<\/strong><\/p>\n","protected":false},"excerpt":{"rendered":"<p>O Governo do Piau\u00ed divulgou, neste domingo (14), um&nbsp;aux\u00edlio financeiro de R$ 1 mil para trabalhadores de bares, restaurantes e eventos&nbsp;devido aos impactos econ\u00f4micos da pandemia da Covid-19 nesses setores. Em v\u00eddeo publicado nas redes sociais,&nbsp;o secret\u00e1rio estadual de Fazenda, Rafael Fonteles, anunciou outras medidas: Novo Refis para d\u00e9bitos de ICMS e IPVA com redu\u00e7\u00e3o [&hellip;]<\/p>\n","protected":false},"author":1,"featured_media":19759,"comment_status":"open","ping_status":"open","sticky":false,"template":"","format":"standard","meta":{"beyondwords_generate_audio":"","beyondwords_project_id":"","beyondwords_podcast_id":"","beyondwords_hash":"","beyondwords_error_message":"","beyondwords_disabled":"","publish_post_to_speechkit":"","speechkit_generate_audio":"","speechkit_project_id":"","speechkit_podcast_id":"","speechkit_hash":"","speechkit_error_message":"","speechkit_disabled":"","speechkit_access_key":"","speechkit_error":"","speechkit_info":"","speechkit_response":"","speechkit_retries":"","_speechkit_link":"","_speechkit_text":""},"categories":[516,51],"tags":[3195,2647,774,44,7404,458,109,350,52,6440,1133],"jetpack_featured_media_url":"","_links":{"self":[{"href":"https:\/\/pinews.com.br\/index.php\/wp-json\/wp\/v2\/posts\/19758"}],"collection":[{"href":"https:\/\/pinews.com.br\/index.php\/wp-json\/wp\/v2\/posts"}],"about":[{"href":"https:\/\/pinews.com.br\/index.php\/wp-json\/wp\/v2\/types\/post"}],"author":[{"embeddable":true,"href":"https:\/\/pinews.com.br\/index.php\/wp-json\/wp\/v2\/users\/1"}],"replies":[{"embeddable":true,"href":"https:\/\/pinews.com.br\/index.php\/wp-json\/wp\/v2\/comments?post=19758"}],"version-history":[{"count":0,"href":"https:\/\/pinews.com.br\/index.php\/wp-json\/wp\/v2\/posts\/19758\/revisions"}],"wp:featuredmedia":[{"embeddable":true,"href":"https:\/\/pinews.com.br\/index.php\/wp-json\/"}],"wp:attachment":[{"href":"https:\/\/pinews.com.br\/index.php\/wp-json\/wp\/v2\/media?parent=19758"}],"wp:term":[{"taxonomy":"category","embeddable":true,"href":"https:\/\/pinews.com.br\/index.php\/wp-json\/wp\/v2\/categories?post=19758"},{"taxonomy":"post_tag","embeddable":true,"href":"https:\/\/pinews.com.br\/index.php\/wp-json\/wp\/v2\/tags?post=19758"}],"curies":[{"name":"wp","href":"https:\/\/api.w.org\/{rel}","templated":true}]}}