{"id":19886,"date":"2021-03-17T19:39:21","date_gmt":"2021-03-17T22:39:21","guid":{"rendered":"https:\/\/pinews.com.br\/?p=19886"},"modified":"2021-03-17T19:39:21","modified_gmt":"2021-03-17T22:39:21","slug":"piaui-recebe-mais-64-mil-doses-de-vacinas-para-idosos-de-75-a-79-anos","status":"publish","type":"post","link":"https:\/\/pinews.com.br\/index.php\/2021\/03\/17\/piaui-recebe-mais-64-mil-doses-de-vacinas-para-idosos-de-75-a-79-anos\/","title":{"rendered":"Piau\u00ed recebe mais 64 mil doses de vacinas para idosos de 75 a 79 anos"},"content":{"rendered":"\n<p><br>O Governo do Piau\u00ed recebeu uma nova remessa de vacinas Coronavac na tarde desta quarta-feira (17). Esse \u00e9 8\u00ba lote e ser\u00e1 de 64.400 doses da vacina. A Secretaria Estadual de Sa\u00fade (Sesapi) informou que essas vacinas contemplar\u00e1 trabalhadores de sa\u00fade e idosos na faixa et\u00e1ria de 75 a 79 anos.<\/p>\n\n\n\n<blockquote class=\"wp-block-quote\"><p>&#8220;As doses ser\u00e3o utilizadas para vacinar mais 7% dos trabalhadores de sa\u00fade do estado e mais 47% do grupo de idosos na faixa et\u00e1ria de 75 a 79 anos&#8221;, informa a Sesapi.<\/p><\/blockquote>\n\n\n\n<p>A Sesapi \u00e9 respons\u00e1vel pela log\u00edstica de distribui\u00e7\u00e3o das vacinas no estado.&nbsp; J\u00e1 as Prefeituras Municipais s\u00e3o respons\u00e1veis pela organiza\u00e7\u00e3o e aplica\u00e7\u00e3o das vacinas no p\u00fablico-alvo.<\/p>\n\n\n\n<p>O superintendente da aten\u00e7\u00e3o b\u00e1sica a sa\u00fade e munic\u00edpios da Sesapi, Herlon Guimar\u00e3es, ressalta que as doses n\u00e3o s\u00e3o distribu\u00eddas em sua totalidade. \u201dMetade das doses n\u00f3s j\u00e1 iremos distribuir a partir de amanh\u00e3 para todos os nossos munic\u00edpios&#8221;.&nbsp;<\/p>\n\n\n\n<p>O lote corresponde a 1\u00b0 e 2\u00b0 doses dos grupos determinados pelo minist\u00e9rio, &#8220;al\u00e9m do quantitativo que ser\u00e1 utilizado como reserva t\u00e9cnica, para suprir qualquer necessidade que surja por perda de vacinas&#8221;, explica a Sesapi. A reserva t\u00e9cnica operacional permite \u00e0 equipe a substituir frascos quebrados ou perda de vacina por falta de energia.&nbsp;<\/p>\n\n\n\n<p><strong>Registro de vacina\u00e7\u00e3o<\/strong><\/p>\n\n\n\n<p>Herlon Guimar\u00e3es pede que os Munic\u00edpios registrem as doses aplicadas nos sites do Minist\u00e9rio da Sa\u00fade e da Sesapi para melhor transpar\u00eancia e acompanhamento. &#8220;Vacina feita, vacina registrada&#8221;, pede o superintendente.&nbsp;<\/p>\n\n\n\n<p>\u201cPedimos que os Munic\u00edpios registrem corretamente nos sites do Minist\u00e9rio da Sa\u00fade e da Secretaria de Estado da Sa\u00fade o quantitativo de doses aplicadas. Precisamos ter esses dados registrados, pois os nossos Munic\u00edpios come\u00e7am a perceber que as doses que chegam para o nosso estado s\u00e3o em quantidades menores do que a popula\u00e7\u00e3o alvo. Dessa forma, com esses dados registrados corretamente, podemos entrar com um pedido junto ao Minist\u00e9rio por mais doses\u201d, diz.<\/p>\n\n\n\n<p><strong>Pessoas com defici\u00eancia<\/strong><\/p>\n\n\n\n<p>A Sesapi confirma que a partir do pr\u00f3ximo domingo (21) o estado vai incluir as pessoas com defici\u00eancia no p\u00fablico priorit\u00e1rio no seu plano de vacina\u00e7\u00e3o.&nbsp;<\/p>\n\n\n\n<p>\u201cNeste domingo n\u00f3s estaremos destinando doses para iniciar a vacina\u00e7\u00e3o das pessoas com defici\u00eancia. N\u00f3s ainda n\u00e3o temos doses suficientes para contemplar todo esse p\u00fablico, mas de forma escalonada iremos iniciar os trabalhos\u201d.<\/p>\n\n\n\n<p><strong>Mais vacinas<\/strong><br><br>O superintendente ressalta que quanto mais doses o Piau\u00ed receber mais r\u00e1pido toda a popula\u00e7\u00e3o ser\u00e1 vacinada. O gestor comenta que o Sistema \u00danico de Sa\u00fade, as unidades de sa\u00fade e os profissionais est\u00e3o preparados para realizar a vacina\u00e7\u00e3o, &#8220;mas precisamos de doses de vacina para que a gente tenha uma regularidade. E, com isso, no menor tempo poss\u00edvel, n\u00f3s possamos fazer todo o p\u00fablico do Piau\u00ed&#8221;.&nbsp;&nbsp;<\/p>\n\n\n\n<p><strong>Fonte: Carlienne Carpaso\/ Cidade Verde<\/strong><\/p>\n","protected":false},"excerpt":{"rendered":"<p>O Governo do Piau\u00ed recebeu uma nova remessa de vacinas Coronavac na tarde desta quarta-feira (17). Esse \u00e9 8\u00ba lote e ser\u00e1 de 64.400 doses da vacina. A Secretaria Estadual de Sa\u00fade (Sesapi) informou que essas vacinas contemplar\u00e1 trabalhadores de sa\u00fade e idosos na faixa et\u00e1ria de 75 a 79 anos. &#8220;As doses ser\u00e3o utilizadas [&hellip;]<\/p>\n","protected":false},"author":1,"featured_media":19887,"comment_status":"open","ping_status":"open","sticky":false,"template":"","format":"standard","meta":{"beyondwords_generate_audio":"","beyondwords_project_id":"","beyondwords_podcast_id":"","beyondwords_hash":"","beyondwords_error_message":"","beyondwords_disabled":"","publish_post_to_speechkit":"","speechkit_generate_audio":"","speechkit_project_id":"","speechkit_podcast_id":"","speechkit_hash":"","speechkit_error_message":"","speechkit_disabled":"","speechkit_access_key":"","speechkit_error":"","speechkit_info":"","speechkit_response":"","speechkit_retries":"","_speechkit_link":"","_speechkit_text":""},"categories":[51,1288],"tags":[7762,6429,7619,82,44,6230,495,76,109,350,52,2962,5440],"jetpack_featured_media_url":"","_links":{"self":[{"href":"https:\/\/pinews.com.br\/index.php\/wp-json\/wp\/v2\/posts\/19886"}],"collection":[{"href":"https:\/\/pinews.com.br\/index.php\/wp-json\/wp\/v2\/posts"}],"about":[{"href":"https:\/\/pinews.com.br\/index.php\/wp-json\/wp\/v2\/types\/post"}],"author":[{"embeddable":true,"href":"https:\/\/pinews.com.br\/index.php\/wp-json\/wp\/v2\/users\/1"}],"replies":[{"embeddable":true,"href":"https:\/\/pinews.com.br\/index.php\/wp-json\/wp\/v2\/comments?post=19886"}],"version-history":[{"count":0,"href":"https:\/\/pinews.com.br\/index.php\/wp-json\/wp\/v2\/posts\/19886\/revisions"}],"wp:featuredmedia":[{"embeddable":true,"href":"https:\/\/pinews.com.br\/index.php\/wp-json\/"}],"wp:attachment":[{"href":"https:\/\/pinews.com.br\/index.php\/wp-json\/wp\/v2\/media?parent=19886"}],"wp:term":[{"taxonomy":"category","embeddable":true,"href":"https:\/\/pinews.com.br\/index.php\/wp-json\/wp\/v2\/categories?post=19886"},{"taxonomy":"post_tag","embeddable":true,"href":"https:\/\/pinews.com.br\/index.php\/wp-json\/wp\/v2\/tags?post=19886"}],"curies":[{"name":"wp","href":"https:\/\/api.w.org\/{rel}","templated":true}]}}