{"id":19940,"date":"2021-03-19T11:31:20","date_gmt":"2021-03-19T14:31:20","guid":{"rendered":"https:\/\/pinews.com.br\/?p=19940"},"modified":"2021-03-19T11:31:20","modified_gmt":"2021-03-19T14:31:20","slug":"video-tecnica-em-enfermagem-que-atendeu-paciente-que-morreu-no-chao-faz-apelo","status":"publish","type":"post","link":"https:\/\/pinews.com.br\/index.php\/2021\/03\/19\/video-tecnica-em-enfermagem-que-atendeu-paciente-que-morreu-no-chao-faz-apelo\/","title":{"rendered":"V\u00eddeo: t\u00e9cnica em Enfermagem que atendeu paciente que morreu no ch\u00e3o faz apelo"},"content":{"rendered":"\n<p>A recomenda\u00e7\u00e3o &#8220;Fique em casa&#8221; nunca fez tanto sentido quanto agora. A t\u00e9cnica em Enfermagem Polyena Silveira participou da equipe de profissionais de sa\u00fade que tentou reanimar, sem sucesso, um paciente que morreu no ch\u00e3o da Unidade de Pronto Atendimento (UPA) do bairro Promorar, na zona Sul de Teresina, por falta de leitos. No desabafo, ela destaca o sofrimento e o cansa\u00e7o psicol\u00f3gico devido \u00e0 pandemia da Covid-19 e diz: n\u00e3o vamos esperar chegar dentro da sua casa. <\/p>\n\n\n\n<blockquote class=\"wp-block-quote\"><p><em>&#8220;N\u00e3o vamos esperar chegar dentro da sua casa pra voc\u00ea entender que n\u00e3o s\u00e3o n\u00fameros, s\u00e3o vidas e vida \u00e9 sempre o amor de algu\u00e9m. A gente perder quem a gente gosta, d\u00f3i. Aquela cena \u00e9 ver\u00eddica [&#8230;] eu estava na equipe, foi no meu plant\u00e3o de ontem (18). O sistema de sa\u00fade t\u00e1 lotado, t\u00e1 colapsado. Eu fa\u00e7o um apelo: se puder evitar de sair, evite! evite pela sua m\u00e3e, pelo seu pai, evite pelo seu vizinho. N\u00e3o temos vaga, n\u00e3o temos leito. N\u00f3s, profissionais da sa\u00fade, estamos sofrendo, estamos com o psicol\u00f3gico cansado e esse apelo fica na esperan\u00e7a de ser atendido<\/em>&#8220;, pediu a t\u00e9cnica em Enfermagem.&nbsp;<\/p><\/blockquote>\n\n\n\n<p>Ela enfatiza que o sistema de sa\u00fade est\u00e1 colapsado e n\u00e3o h\u00e1 vagas. Com oito anos de profiss\u00e3o, Polyena Silveira diz que nunca presenciou situa\u00e7\u00e3o semelhante.&nbsp;<\/p>\n\n\n\n<p>&#8220;Eu nunca vi o sistema de sa\u00fade como estou presenciando. O sistema de sa\u00fade colapsou, sim. N\u00e3o tem vagas, n\u00e3o temos leitos. Fa\u00e7o parte da equipe que recebeu o paciente ontem. O paciente deu entrada em parada cardiorrespirat\u00f3ria, n\u00e3o t\u00ednhamos leito, n\u00e3o t\u00ednhamos monitor, n\u00e3o t\u00ednhamos ventilador. Mas, o que pod\u00edamos fazer, foi feito. A gente t\u00e1 com essa falta de equipamento porque a demanda de paciente t\u00e1 muito alta e, consequentemente, vai faltar, como est\u00e1 faltando. Fizemos mais de seis ciclos de reanima\u00e7\u00e3o cardiopulmonar e, infelizmente, n\u00e3o conseguimos trazer o paciente de volta&#8221;, disse Silveira.&nbsp;<\/p>\n\n\n\n<p><br><strong>SOFRIMENTO DE PROFISSIONAIS DE SA\u00daDE<\/strong><\/p>\n\n\n\n<p>Al\u00e9m do apelo para as pessoas ficarem em casa, a t\u00e9cnica em Enfermagem relatou o cansa\u00e7o psicol\u00f3gico dos profissionais de sa\u00fade que sofrem juntos com cada familiar de paciente que busca atendimento.&nbsp;<\/p>\n\n\n\n<p>&#8220;A gente t\u00e1 numa situa\u00e7\u00e3o traum\u00e1tica, trabalhando assustada, com medo. Queria fazer um pedido do fundo do cora\u00e7\u00e3o com toda humildade: se puder ficar em casa, fique em casa. Sen\u00e3o for uma sa\u00edda essencial, que realmente precisa, fique em casa. Fique em casa por mim, que sou profissional de sa\u00fade,pelos meus amigos que sofrem e est\u00e3o sofrendo a cada paciente  que a gente recebe e n\u00e3o temos onde colocar. Estamos sofrendo junto com a fam\u00edlia daqueles pacientes que ficam l\u00e1 fora esperando uma alta, uma transfer\u00eancia, at\u00e9 mesmo um \u00f3bito para poder ocupar uma vaga&#8221;, pede Silveira.<\/p>\n\n\n\n<p><em>&#8220;\u00c9 dif\u00edcil!pra quem t\u00e1 vivendo, pra quem t\u00e1 acompanhando \u00e9 dif\u00edcil. Enquanto eu estava em um dos ciclos de reanima\u00e7\u00e3o desse paciente eu disse: gente, o que est\u00e1 acontecendo? aqui poderia ser meu pai, aqui poderia ser minha m\u00e3e, poderia ser meu filho nessa situa\u00e7\u00e3o. \u00c9 doloroso, d\u00f3i!&#8221;<\/em>, declarou a t\u00e9cnica em Enfermagem. <\/p>\n\n\n\n<figure class=\"wp-block-embed-youtube wp-block-embed is-type-video is-provider-youtube wp-embed-aspect-16-9 wp-has-aspect-ratio\"><div class=\"wp-block-embed__wrapper\">\n<iframe loading=\"lazy\" title=\"Paciente morre no ch\u00e3o da UPA do Promorar\" width=\"1170\" height=\"658\" src=\"https:\/\/www.youtube.com\/embed\/NK06E2JAX28?feature=oembed\" frameborder=\"0\" allow=\"accelerometer; autoplay; clipboard-write; encrypted-media; gyroscope; picture-in-picture; web-share\" allowfullscreen><\/iframe>\n<\/div><\/figure>\n\n\n\n<p><strong>Fonte: Cidade Verde<\/strong><\/p>\n","protected":false},"excerpt":{"rendered":"<p>A recomenda\u00e7\u00e3o &#8220;Fique em casa&#8221; nunca fez tanto sentido quanto agora. A t\u00e9cnica em Enfermagem Polyena Silveira participou da equipe de profissionais de sa\u00fade que tentou reanimar, sem sucesso, um paciente que morreu no ch\u00e3o da Unidade de Pronto Atendimento (UPA) do bairro Promorar, na zona Sul de Teresina, por falta de leitos. No desabafo, [&hellip;]<\/p>\n","protected":false},"author":1,"featured_media":19941,"comment_status":"open","ping_status":"open","sticky":false,"template":"","format":"standard","meta":{"beyondwords_generate_audio":"","beyondwords_project_id":"","beyondwords_podcast_id":"","beyondwords_hash":"","beyondwords_error_message":"","beyondwords_disabled":"","publish_post_to_speechkit":"","speechkit_generate_audio":"","speechkit_project_id":"","speechkit_podcast_id":"","speechkit_hash":"","speechkit_error_message":"","speechkit_disabled":"","speechkit_access_key":"","speechkit_error":"","speechkit_info":"","speechkit_response":"","speechkit_retries":"","_speechkit_link":"","_speechkit_text":""},"categories":[51,81],"tags":[961,7835,7833,46,722,963,552,2717,724,67],"jetpack_featured_media_url":"","_links":{"self":[{"href":"https:\/\/pinews.com.br\/index.php\/wp-json\/wp\/v2\/posts\/19940"}],"collection":[{"href":"https:\/\/pinews.com.br\/index.php\/wp-json\/wp\/v2\/posts"}],"about":[{"href":"https:\/\/pinews.com.br\/index.php\/wp-json\/wp\/v2\/types\/post"}],"author":[{"embeddable":true,"href":"https:\/\/pinews.com.br\/index.php\/wp-json\/wp\/v2\/users\/1"}],"replies":[{"embeddable":true,"href":"https:\/\/pinews.com.br\/index.php\/wp-json\/wp\/v2\/comments?post=19940"}],"version-history":[{"count":0,"href":"https:\/\/pinews.com.br\/index.php\/wp-json\/wp\/v2\/posts\/19940\/revisions"}],"wp:featuredmedia":[{"embeddable":true,"href":"https:\/\/pinews.com.br\/index.php\/wp-json\/"}],"wp:attachment":[{"href":"https:\/\/pinews.com.br\/index.php\/wp-json\/wp\/v2\/media?parent=19940"}],"wp:term":[{"taxonomy":"category","embeddable":true,"href":"https:\/\/pinews.com.br\/index.php\/wp-json\/wp\/v2\/categories?post=19940"},{"taxonomy":"post_tag","embeddable":true,"href":"https:\/\/pinews.com.br\/index.php\/wp-json\/wp\/v2\/tags?post=19940"}],"curies":[{"name":"wp","href":"https:\/\/api.w.org\/{rel}","templated":true}]}}