{"id":20229,"date":"2021-03-22T10:49:45","date_gmt":"2021-03-22T13:49:45","guid":{"rendered":"https:\/\/pinews.com.br\/?p=20229"},"modified":"2021-03-22T10:49:45","modified_gmt":"2021-03-22T13:49:45","slug":"piaui-e-o-primeiro-a-vacinar-pessoas-com-deficiencia-contra-covid-19","status":"publish","type":"post","link":"https:\/\/pinews.com.br\/index.php\/2021\/03\/22\/piaui-e-o-primeiro-a-vacinar-pessoas-com-deficiencia-contra-covid-19\/","title":{"rendered":"Piau\u00ed \u00e9 o primeiro a vacinar pessoas com defici\u00eancia contra Covid-19"},"content":{"rendered":"\n<p>Neste domingo (21), Dia Internacional da S\u00edndrome de Down, o Piau\u00ed se tornou o primeiro estado brasileiro a vacinar pessoas com defici\u00eancia contra a Covid-19.<\/p>\n\n\n\n<p>Em ato simb\u00f3lico realizado no Centro Integrado de Reabilita\u00e7\u00e3o -CEIR, cinco piauienses receberam a primeira dose do imunizante. Foram vacinados Pedro de Almeida Neto[s\u00edndrome de down], Walter dos Santos Falc\u00e3o [autista],Francisco Pereira Torres[cadeirante], Iraci Matos [defici\u00eancia visual] e Bernardo Farias Couto [surdo].<\/p>\n\n\n\n<p>A prioridade de vacina\u00e7\u00e3o das pessoas com defici\u00eancia contra Covid-19 no Piau\u00ed \u00e9 determinada pela Lei n\u00ba l7.486, proposta pelo deputado Franz\u00e9 Silva, aprovada pela Assembleia Legislativa e sancionada pelo governador Wellington Dias.<\/p>\n\n\n\n<p>O Secretaria de Estado para Inclus\u00e3o da Pessoa com Defici\u00eancia , Mauro Eduardo, ressaltou a import\u00e2ncia da vacina\u00e7\u00e3o de pessoas com defici\u00eancia.&nbsp; O gestor explica que este p\u00fablico \u00e9 muito vulner\u00e1vel ao coronav\u00edrus porque a maioria possui comorbidades.<\/p>\n\n\n\n<p>\u201c\u00c9 um momento \u00edmpar. As pessoas com defici\u00eancia s\u00e3o muito vulner\u00e1veis a esse v\u00edrus. Esse v\u00edrus \u00e9 muito letal para essas pessoas. Posso citar aqui uma pessoa com s\u00edndrome de down.&nbsp; Existe pesquisa na Universidade de Oxford que mostra que o v\u00edrus nelas \u00e9 10 vezes mais letal, por exemplo\u201d, explica.<\/p>\n\n\n\n<p>Neste primeiro momento mil pessoas com defici\u00eancia em todo Piau\u00ed receber\u00e3o as duas doses da vacina. O imunizante ser\u00e1 distribu\u00eddo de acordo com a proporcionalidade do quantitativo de defici\u00eancia de cada munic\u00edpio.&nbsp;Inicialmente, de acordo com a Secretaria de Estado da Sa\u00fade, ser\u00e3o vacinadas as pessoas com defici\u00eancia com mais&nbsp; de 60 anos e com alguma comorbidade ou institucionalizadas. A comorbidade dever\u00e1 ser comprovada atrav\u00e9s de atestado ou laudo m\u00e9dico.<\/p>\n\n\n\n<div class=\"wp-block-image\"><figure class=\"aligncenter\"><img decoding=\"async\" src=\"https:\/\/cidadeverde.com\/assets\/uploads\/noticias\/f0ee782d4c78aa916a52b0ab7a3228e8.jpg\" alt=\"\"\/><figcaption><em>Foto:Herlon Moraes<\/em><\/figcaption><\/figure><\/div>\n\n\n\n<p>\u201cO quantitativo de vacina ainda \u00e9 muito pequeno, n\u00e3o s\u00f3 para a pessoas com defici\u00eancia, mas para todo p\u00fablico. Mas,&nbsp; gra\u00e7as a Deus, estamos dando o pontap\u00e9 inicial. O Piau\u00ed \u00e9 o primeiro estado da federa\u00e7\u00e3o a iniciar imuniza\u00e7\u00e3o de pessoa com defici\u00eancia contra a covid 19\u201d, ressalta Mauro Eduardo.<\/p>\n\n\n\n<p>Al\u00e9m de Mauro Eduardo, participaram do ato simb\u00f3lico os secret\u00e1rios Florentino Neto e Rafael Fonteles e o presidente da Funda\u00e7\u00e3o Municipal de Sa\u00fade, Gilberto Alburqueque. A deputada federal Rejane Dias e deputado estadual Franz\u00e9 Silva tamb\u00e9m estiveram no evento.<\/p>\n\n\n\n<p><strong>Fonte: Izabella Pimentel e Herlon Moraes\/ Cidade Verde<\/strong><\/p>\n","protected":false},"excerpt":{"rendered":"<p>Neste domingo (21), Dia Internacional da S\u00edndrome de Down, o Piau\u00ed se tornou o primeiro estado brasileiro a vacinar pessoas com defici\u00eancia contra a Covid-19. Em ato simb\u00f3lico realizado no Centro Integrado de Reabilita\u00e7\u00e3o -CEIR, cinco piauienses receberam a primeira dose do imunizante. Foram vacinados Pedro de Almeida Neto[s\u00edndrome de down], Walter dos Santos Falc\u00e3o [&hellip;]<\/p>\n","protected":false},"author":1,"featured_media":20230,"comment_status":"open","ping_status":"open","sticky":false,"template":"","format":"standard","meta":{"beyondwords_generate_audio":"","beyondwords_project_id":"","beyondwords_podcast_id":"","beyondwords_hash":"","beyondwords_error_message":"","beyondwords_disabled":"","publish_post_to_speechkit":"","speechkit_generate_audio":"","speechkit_project_id":"","speechkit_podcast_id":"","speechkit_hash":"","speechkit_error_message":"","speechkit_disabled":"","speechkit_access_key":"","speechkit_error":"","speechkit_info":"","speechkit_response":"","speechkit_retries":"","_speechkit_link":"","_speechkit_text":""},"categories":[51],"tags":[294,5307,6567,72,259,52,3485,6763],"jetpack_featured_media_url":"","_links":{"self":[{"href":"https:\/\/pinews.com.br\/index.php\/wp-json\/wp\/v2\/posts\/20229"}],"collection":[{"href":"https:\/\/pinews.com.br\/index.php\/wp-json\/wp\/v2\/posts"}],"about":[{"href":"https:\/\/pinews.com.br\/index.php\/wp-json\/wp\/v2\/types\/post"}],"author":[{"embeddable":true,"href":"https:\/\/pinews.com.br\/index.php\/wp-json\/wp\/v2\/users\/1"}],"replies":[{"embeddable":true,"href":"https:\/\/pinews.com.br\/index.php\/wp-json\/wp\/v2\/comments?post=20229"}],"version-history":[{"count":0,"href":"https:\/\/pinews.com.br\/index.php\/wp-json\/wp\/v2\/posts\/20229\/revisions"}],"wp:featuredmedia":[{"embeddable":true,"href":"https:\/\/pinews.com.br\/index.php\/wp-json\/"}],"wp:attachment":[{"href":"https:\/\/pinews.com.br\/index.php\/wp-json\/wp\/v2\/media?parent=20229"}],"wp:term":[{"taxonomy":"category","embeddable":true,"href":"https:\/\/pinews.com.br\/index.php\/wp-json\/wp\/v2\/categories?post=20229"},{"taxonomy":"post_tag","embeddable":true,"href":"https:\/\/pinews.com.br\/index.php\/wp-json\/wp\/v2\/tags?post=20229"}],"curies":[{"name":"wp","href":"https:\/\/api.w.org\/{rel}","templated":true}]}}