{"id":20246,"date":"2021-03-22T19:30:56","date_gmt":"2021-03-22T22:30:56","guid":{"rendered":"https:\/\/pinews.com.br\/?p=20246"},"modified":"2021-03-22T19:30:56","modified_gmt":"2021-03-22T22:30:56","slug":"jovem-morre-apos-cair-de-moto-e-ser-atropelado-por-carro-na-br-230","status":"publish","type":"post","link":"https:\/\/pinews.com.br\/index.php\/2021\/03\/22\/jovem-morre-apos-cair-de-moto-e-ser-atropelado-por-carro-na-br-230\/","title":{"rendered":"Jovem morre ap\u00f3s cair de moto e ser atropelado por carro na BR-230"},"content":{"rendered":"\n<p>Um homem identificado como Welson da Costa Sousa, morador da localidade Cepisa, S\u00e3o Jo\u00e3o da Varjota, morreu em um acidente de moto na madrugada desta segunda-feira, 22, em Oeiras.<\/p>\n\n\n\n<p>O acidente aconteceu na sa\u00edda de Oeiras, na BR 230, sentido Oeiras-Picos. As primeiras informa\u00e7\u00f5es s\u00e3o de que o homem que estava em uma moto Honda modelo CG vermelha saiu da entrada do IFPI e ao entrar na BR 230, perdeu o controle do ve\u00edculo, caiu da moto e, foi colhido por um ve\u00edculo ainda n\u00e3o identificado e que n\u00e3o parou para prestar socorro.<\/p>\n\n\n\n<p>O corpo do homem ficou exposto na pista, com muitos ferimentos e fraturas at\u00e9 a chegada da PRF, sendo em seguida levado para UPA de Oeiras e depois recolhido pelo IML.<\/p>\n\n\n\n<p><strong>Fonte: Mural da Vila<\/strong><\/p>\n","protected":false},"excerpt":{"rendered":"<p>Um homem identificado como Welson da Costa Sousa, morador da localidade Cepisa, S\u00e3o Jo\u00e3o da Varjota, morreu em um acidente de moto na madrugada desta segunda-feira, 22, em Oeiras. O acidente aconteceu na sa\u00edda de Oeiras, na BR 230, sentido Oeiras-Picos. As primeiras informa\u00e7\u00f5es s\u00e3o de que o homem que estava em uma moto Honda [&hellip;]<\/p>\n","protected":false},"author":1,"featured_media":20247,"comment_status":"open","ping_status":"open","sticky":false,"template":"","format":"standard","meta":{"beyondwords_generate_audio":"","beyondwords_project_id":"","beyondwords_podcast_id":"","beyondwords_hash":"","beyondwords_error_message":"","beyondwords_disabled":"","publish_post_to_speechkit":"","speechkit_generate_audio":"","speechkit_project_id":"","speechkit_podcast_id":"","speechkit_hash":"","speechkit_error_message":"","speechkit_disabled":"","speechkit_access_key":"","speechkit_error":"","speechkit_info":"","speechkit_response":"","speechkit_retries":"","_speechkit_link":"","_speechkit_text":""},"categories":[51],"tags":[70,61,171,353,62,44,266,119,304,91,59,139],"jetpack_featured_media_url":"","_links":{"self":[{"href":"https:\/\/pinews.com.br\/index.php\/wp-json\/wp\/v2\/posts\/20246"}],"collection":[{"href":"https:\/\/pinews.com.br\/index.php\/wp-json\/wp\/v2\/posts"}],"about":[{"href":"https:\/\/pinews.com.br\/index.php\/wp-json\/wp\/v2\/types\/post"}],"author":[{"embeddable":true,"href":"https:\/\/pinews.com.br\/index.php\/wp-json\/wp\/v2\/users\/1"}],"replies":[{"embeddable":true,"href":"https:\/\/pinews.com.br\/index.php\/wp-json\/wp\/v2\/comments?post=20246"}],"version-history":[{"count":0,"href":"https:\/\/pinews.com.br\/index.php\/wp-json\/wp\/v2\/posts\/20246\/revisions"}],"wp:featuredmedia":[{"embeddable":true,"href":"https:\/\/pinews.com.br\/index.php\/wp-json\/"}],"wp:attachment":[{"href":"https:\/\/pinews.com.br\/index.php\/wp-json\/wp\/v2\/media?parent=20246"}],"wp:term":[{"taxonomy":"category","embeddable":true,"href":"https:\/\/pinews.com.br\/index.php\/wp-json\/wp\/v2\/categories?post=20246"},{"taxonomy":"post_tag","embeddable":true,"href":"https:\/\/pinews.com.br\/index.php\/wp-json\/wp\/v2\/tags?post=20246"}],"curies":[{"name":"wp","href":"https:\/\/api.w.org\/{rel}","templated":true}]}}