{"id":20255,"date":"2021-03-22T19:42:31","date_gmt":"2021-03-22T22:42:31","guid":{"rendered":"https:\/\/pinews.com.br\/?p=20255"},"modified":"2021-03-22T19:42:31","modified_gmt":"2021-03-22T22:42:31","slug":"idoso-de-92-anos-e-o-1-a-morrer-a-espera-de-uti-no-piaui-familia-comprou-oxigenio-e-contratou-medicos","status":"publish","type":"post","link":"https:\/\/pinews.com.br\/index.php\/2021\/03\/22\/idoso-de-92-anos-e-o-1-a-morrer-a-espera-de-uti-no-piaui-familia-comprou-oxigenio-e-contratou-medicos\/","title":{"rendered":"Idoso de 92 anos \u00e9 o 1\u00b0 a morrer \u00e0 espera de UTI no Piau\u00ed; fam\u00edlia comprou oxig\u00eanio e contratou m\u00e9dicos"},"content":{"rendered":"\n<p>O idoso Francisco Xavier de Sousa, de 92 anos, faleceu durante a madrugada desta segunda-feira (22) enquanto esperava por um leito de UTI em Teresina. Segundo a Funda\u00e7\u00e3o Municipal de Sa\u00fade (FMS), ele foi o primeiro registro de paciente a morrer na fila de leitos de UTI e a fam\u00edlia chegou a comprar cilindros de oxig\u00eanio e a contratar m\u00e9dicos particulares, mas ele n\u00e3o resistiu.<\/p>\n\n\n\n<p>Francisco foi atendido no Hospital Municipal da Primavera, na Zona Norte de Teresina. Segundo \u00c9rica Sousa, neta de Francisco, o idoso testou positivo para Covid-19 no dia 1 de mar\u00e7o. Desde ent\u00e3o, a fam\u00edlia contratou m\u00e9dicos particulares e comprou cilindros de oxig\u00eanio para que ele fizesse o tratamento em casa.<\/p>\n\n\n\n<p>Mesmo assim, o quadro de sa\u00fade do idoso piorou durante o final de semana. Segundo a neta, Francisco ficou sem sintomas de Covid-19, mas sofrendo as sequelas da doen\u00e7a nos pulm\u00f5es. Na ter\u00e7a-feira (16) ele foi levado pela fam\u00edlia para o Hospital da Primavera. Na manh\u00e3 desta segunda-feira (22), Francisco n\u00e3o resistiu e faleceu.<\/p>\n\n\n\n<p>Em nota, a Funda\u00e7\u00e3o Municipal de Sa\u00fade explicou que Francisco foi atendido e ficou em um leito isolado. Em seguida, a equipe m\u00e9dica solicitou uma vaga de UTI para o idoso, mas Francisco faleceu antes do leito ser disponibilizado.<\/p>\n\n\n\n<figure class=\"wp-block-image\"><img decoding=\"async\" src=\"https:\/\/s2.glbimg.com\/siH1qDRDu5dunv2xLSqmP3wZ_oI=\/0x0:667x667\/984x0\/smart\/filters:strip_icc()\/i.s3.glbimg.com\/v1\/AUTH_59edd422c0c84a879bd37670ae4f538a\/internal_photos\/bs\/2021\/h\/r\/L1GzNSS1yJeaqr9PfVHA\/gass.jpg\" alt=\"Idoso de 92 anos \u00e9 primeiro paciente a falecer a espera de um leito de UTI no Piau\u00ed \u2014 Foto: TV Clube\/ \u00c9rica Sousa\"\/><figcaption>Idoso de 92 anos \u00e9 primeiro paciente a falecer a espera de um leito de UTI no Piau\u00ed \u2014 Foto: TV Clube\/ \u00c9rica Sousa<\/figcaption><\/figure>\n\n\n\n<p>Segundo a Secretaria de Sa\u00fade do Piau\u00ed (Sesapi), nesta segunda-feira (22) h\u00e1 215 pessoas esperando uma vaga em leitos de enfermaria e de UTI em todo o estado. Desses pacientes, 127 est\u00e3o graves e precisam de um leito de UTI.<\/p>\n\n\n\n<figure class=\"wp-block-image\"><img decoding=\"async\" src=\"https:\/\/s2.glbimg.com\/l3lVv8e-mYwoEOkiq2u3AIDcALE=\/0x0:1292x1024\/984x0\/smart\/filters:strip_icc()\/i.s3.glbimg.com\/v1\/AUTH_59edd422c0c84a879bd37670ae4f538a\/internal_photos\/bs\/2021\/z\/N\/E4k0DeR8GZGYMMnnxBag\/gas.jpg\" alt=\"Idoso de 92 anos \u00e9 primeiro paciente a falecer a espera de um leito de UTI no Piau\u00ed \u2014 Foto: TV Clube\/ \u00c9rica Sousa\"\/><figcaption>Idoso de 92 anos \u00e9 primeiro paciente a falecer a espera de um leito de UTI no Piau\u00ed \u2014 Foto: TV Clube\/ \u00c9rica Sousa<\/figcaption><\/figure>\n\n\n\n<p><strong>Leia abaixo a \u00edntegra da nota da Funda\u00e7\u00e3o Municipal de Sa\u00fade (FMS):<\/strong><\/p>\n\n\n\n<p><em>A Funda\u00e7\u00e3o Municipal de Sa\u00fade (FMS) de Teresina informa que foi dada toda assist\u00eancia necess\u00e1ria ao paciente Francisco Xavier de Sousa. Ele ficou em leito isolado e recebeu atendimento da equipe m\u00e9dica do Hospital da Primavera durante todo o tempo em que esteve na unidade. Come\u00e7ou usando cateter nasal e evoluiu para o uso da m\u00e1scara reservat\u00f3rio (com oxig\u00eanio). A FMS esclarece que n\u00e3o houve diminui\u00e7\u00e3o de oxig\u00eanio para o paciente, e que ele acabou precisando de leito de UTI, a unidade hospitalar ent\u00e3o solicitou, via regula\u00e7\u00e3o de leitos online, a remo\u00e7\u00e3o do paciente para unidade que tem UTI, pois l\u00e1 na Primavera s\u00f3 tem leito cl\u00ednico.<\/em><\/p>\n\n\n\n<p><em>Infelizmente devido \u00e0 alta demanda de pessoas precisando de leitos de UTI na capital, o paciente veio \u00e0 \u00f3bito antes de conseguir a vaga. A fila de espera por leitos de Unidade de Terapia Intensiva (UTI) para pacientes graves com Covid-19 chegou a 187 pessoas em Teresina neste final de semana. Hoje 100% dos leitos est\u00e3o ocupados.<\/em><\/p>\n\n\n\n<p><strong>Fonte: G1 PI<\/strong><\/p>\n","protected":false},"excerpt":{"rendered":"<p>O idoso Francisco Xavier de Sousa, de 92 anos, faleceu durante a madrugada desta segunda-feira (22) enquanto esperava por um leito de UTI em Teresina. Segundo a Funda\u00e7\u00e3o Municipal de Sa\u00fade (FMS), ele foi o primeiro registro de paciente a morrer na fila de leitos de UTI e a fam\u00edlia chegou a comprar cilindros de [&hellip;]<\/p>\n","protected":false},"author":1,"featured_media":20256,"comment_status":"open","ping_status":"open","sticky":false,"template":"","format":"standard","meta":{"beyondwords_generate_audio":"","beyondwords_project_id":"","beyondwords_podcast_id":"","beyondwords_hash":"","beyondwords_error_message":"","beyondwords_disabled":"","publish_post_to_speechkit":"","speechkit_generate_audio":"","speechkit_project_id":"","speechkit_podcast_id":"","speechkit_hash":"","speechkit_error_message":"","speechkit_disabled":"","speechkit_access_key":"","speechkit_error":"","speechkit_info":"","speechkit_response":"","speechkit_retries":"","_speechkit_link":"","_speechkit_text":""},"categories":[51,81],"tags":[5824,794,82,7856,7857,44,72,5346,244,64,1250,7205,3519,52,792],"jetpack_featured_media_url":"","_links":{"self":[{"href":"https:\/\/pinews.com.br\/index.php\/wp-json\/wp\/v2\/posts\/20255"}],"collection":[{"href":"https:\/\/pinews.com.br\/index.php\/wp-json\/wp\/v2\/posts"}],"about":[{"href":"https:\/\/pinews.com.br\/index.php\/wp-json\/wp\/v2\/types\/post"}],"author":[{"embeddable":true,"href":"https:\/\/pinews.com.br\/index.php\/wp-json\/wp\/v2\/users\/1"}],"replies":[{"embeddable":true,"href":"https:\/\/pinews.com.br\/index.php\/wp-json\/wp\/v2\/comments?post=20255"}],"version-history":[{"count":0,"href":"https:\/\/pinews.com.br\/index.php\/wp-json\/wp\/v2\/posts\/20255\/revisions"}],"wp:featuredmedia":[{"embeddable":true,"href":"https:\/\/pinews.com.br\/index.php\/wp-json\/"}],"wp:attachment":[{"href":"https:\/\/pinews.com.br\/index.php\/wp-json\/wp\/v2\/media?parent=20255"}],"wp:term":[{"taxonomy":"category","embeddable":true,"href":"https:\/\/pinews.com.br\/index.php\/wp-json\/wp\/v2\/categories?post=20255"},{"taxonomy":"post_tag","embeddable":true,"href":"https:\/\/pinews.com.br\/index.php\/wp-json\/wp\/v2\/tags?post=20255"}],"curies":[{"name":"wp","href":"https:\/\/api.w.org\/{rel}","templated":true}]}}