{"id":20329,"date":"2021-03-24T19:33:08","date_gmt":"2021-03-24T22:33:08","guid":{"rendered":"https:\/\/pinews.com.br\/?p=20329"},"modified":"2021-03-24T19:33:08","modified_gmt":"2021-03-24T22:33:08","slug":"governo-vai-fechar-praias-e-suspender-transporte-intermunicipal-na-semana-santa","status":"publish","type":"post","link":"https:\/\/pinews.com.br\/index.php\/2021\/03\/24\/governo-vai-fechar-praias-e-suspender-transporte-intermunicipal-na-semana-santa\/","title":{"rendered":"Governo vai fechar praias e suspender transporte intermunicipal na Semana Santa"},"content":{"rendered":"\n<p>O governo do Estado anunciou nesta quarta-feira (24) que vai suspender o transporte intermunicipal durante a Semana Santa e fechar o acesso \u00e0s praias no litoral do Piau\u00ed. A medida \u00e9 para reduzir a circula\u00e7\u00e3o de pessoas durante os dias de feriado.<\/p>\n\n\n\n<p>\u201cA Semana Santa sempre faz com que as pessoas se desloquem para o interior e o litoral. Ano passado o sistema de transporte foi suspenso e governador vai suspender este ano. Tamb\u00e9m j\u00e1 recebemos da consultoria jur\u00eddica do gabinete do governador, a minuta do decreto que vai fechar o acesso \u00e0s praias\u201d, afirmou o secret\u00e1rio de governo, Osmar Junior.<\/p>\n\n\n\n<p>O gestor disse que as medidas s\u00e3o dr\u00e1sticas, mas necess\u00e1rias para barrar a transmiss\u00e3o do coronav\u00edrus. \u201cOs prefeitos de Lu\u00eds Correia e Cajueiro da Praia j\u00e1 tomaram medida para fechar as praias e pediram ao governo que fa\u00e7a um refor\u00e7o. Ent\u00e3o, estamos antecipando que, durante esse per\u00edodo, as pessoas que forem ao litoral n\u00e3o ter\u00e3o acesso \u00e0s praias\u201d, declarou o secret\u00e1rio.<\/p>\n\n\n\n<p><strong>Dez dias sem movimenta\u00e7\u00e3o<\/strong><\/p>\n\n\n\n<p>Com a antecipa\u00e7\u00e3o dos feriados de Nossa Senhora Aparecida, comemorado em 12 de outubro, e de Corpus Christi, celebrado em 3 de junho, o governo coloca em pr\u00e1tica uma medida para aumentar o isolamento social durante dez dias, a come\u00e7ar desta sexta-feira.<\/p>\n\n\n\n<p>\u201cTeremos dez dias de forte restri\u00e7\u00e3o na movimenta\u00e7\u00e3o de pessoas e se espera que com isso se quebre a onda perigosa de cont\u00e1gio. Ontem n\u00f3s tivemos o maior n\u00famero de pessoas infectadas pela covid\u201d, declarou<\/p>\n\n\n\n<p><strong>Entenda como vai funcionar<\/strong><\/p>\n\n\n\n<p>Com a aprova\u00e7\u00e3o pela Assembleia Legislativa do Piau\u00ed, nesta sexta-feira (26) ser\u00e1 antecipado o feriado de Nossa Senhora Aparecida, celebrado em 12 de outubro. No s\u00e1bado, domingo e segunda devem funcionar apenas servi\u00e7os essenciais. Na ter\u00e7a-feira (30) ser\u00e1 antecipado o feriado de Corpus Christi. Na quarta, conforme entendimento com a Associa\u00e7\u00e3o Piauiense de Prefeitos, os munic\u00edpios devem antecipar os feriados de emancipa\u00e7\u00e3o pol\u00edtica. Na quinta, 1\u00ba de abril, o governo do estado dar\u00e1 ponto facultativo para os servidores estaduais. Na sexta-feira, 2 de abril, inicia o feriado da Semana Santa.&nbsp;<\/p>\n\n\n\n<p><br><strong>Decreto pra funcionar por 10 dias s\u00f3 servi\u00e7os essenciais&nbsp;<\/strong><\/p>\n\n\n\n<p>O governador Wellington Dias (PT) confirmou hoje que vai publicar um decreto prorrogando as medidas restritivas at\u00e9 o dia 4 de abril. A ideia \u00e9 aproveitar o feriado da Semana Santa e estender o funcionamento de servi\u00e7os essenciais por dez dias, a come\u00e7ar do dia 26 de mar\u00e7o.<\/p>\n\n\n\n<p><strong>Fonte: H\u00e9rlon Moraes\/ Cidade Verde<\/strong><\/p>\n","protected":false},"excerpt":{"rendered":"<p>O governo do Estado anunciou nesta quarta-feira (24) que vai suspender o transporte intermunicipal durante a Semana Santa e fechar o acesso \u00e0s praias no litoral do Piau\u00ed. A medida \u00e9 para reduzir a circula\u00e7\u00e3o de pessoas durante os dias de feriado. \u201cA Semana Santa sempre faz com que as pessoas se desloquem para o [&hellip;]<\/p>\n","protected":false},"author":1,"featured_media":20330,"comment_status":"open","ping_status":"open","sticky":false,"template":"","format":"standard","meta":{"beyondwords_generate_audio":"","beyondwords_project_id":"","beyondwords_podcast_id":"","beyondwords_hash":"","beyondwords_error_message":"","beyondwords_disabled":"","publish_post_to_speechkit":"","speechkit_generate_audio":"","speechkit_project_id":"","speechkit_podcast_id":"","speechkit_hash":"","speechkit_error_message":"","speechkit_disabled":"","speechkit_access_key":"","speechkit_error":"","speechkit_info":"","speechkit_response":"","speechkit_retries":"","_speechkit_link":"","_speechkit_text":""},"categories":[51],"tags":[7889,458,7890,91,7112,7859,5863,5663,454,1089],"jetpack_featured_media_url":"","_links":{"self":[{"href":"https:\/\/pinews.com.br\/index.php\/wp-json\/wp\/v2\/posts\/20329"}],"collection":[{"href":"https:\/\/pinews.com.br\/index.php\/wp-json\/wp\/v2\/posts"}],"about":[{"href":"https:\/\/pinews.com.br\/index.php\/wp-json\/wp\/v2\/types\/post"}],"author":[{"embeddable":true,"href":"https:\/\/pinews.com.br\/index.php\/wp-json\/wp\/v2\/users\/1"}],"replies":[{"embeddable":true,"href":"https:\/\/pinews.com.br\/index.php\/wp-json\/wp\/v2\/comments?post=20329"}],"version-history":[{"count":0,"href":"https:\/\/pinews.com.br\/index.php\/wp-json\/wp\/v2\/posts\/20329\/revisions"}],"wp:featuredmedia":[{"embeddable":true,"href":"https:\/\/pinews.com.br\/index.php\/wp-json\/"}],"wp:attachment":[{"href":"https:\/\/pinews.com.br\/index.php\/wp-json\/wp\/v2\/media?parent=20329"}],"wp:term":[{"taxonomy":"category","embeddable":true,"href":"https:\/\/pinews.com.br\/index.php\/wp-json\/wp\/v2\/categories?post=20329"},{"taxonomy":"post_tag","embeddable":true,"href":"https:\/\/pinews.com.br\/index.php\/wp-json\/wp\/v2\/tags?post=20329"}],"curies":[{"name":"wp","href":"https:\/\/api.w.org\/{rel}","templated":true}]}}