{"id":20332,"date":"2021-03-25T11:06:59","date_gmt":"2021-03-25T14:06:59","guid":{"rendered":"https:\/\/pinews.com.br\/?p=20332"},"modified":"2021-03-25T11:06:59","modified_gmt":"2021-03-25T14:06:59","slug":"piaui-e-o-estado-onde-motociclistas-e-passageiros-menos-usam-capacetes-diz-prf","status":"publish","type":"post","link":"https:\/\/pinews.com.br\/index.php\/2021\/03\/25\/piaui-e-o-estado-onde-motociclistas-e-passageiros-menos-usam-capacetes-diz-prf\/","title":{"rendered":"Piau\u00ed \u00e9 o estado onde motociclistas e passageiros menos usam capacetes, diz PRF"},"content":{"rendered":"\n<p>O Piau\u00ed \u00e9 o estado onde os motociclistas menos utilizam o capacete de prote\u00e7\u00e3o, segundo a Pol\u00edcia Rodovi\u00e1ria Federal. A informa\u00e7\u00e3o foi divulgada nesta quinta-feira (25) e o estado ficou na pior posi\u00e7\u00e3o pelo segundo ano seguido. De acordo com a PRF, metade das motocicletas fiscalizadas tinham algum ocupante sem o equipamento de prote\u00e7\u00e3o.<\/p>\n\n\n\n<p>O dado faz parte do levantamento de fiscaliza\u00e7\u00e3o da institui\u00e7\u00e3o e diz respeito ao ano de 2020. Mesmo durante o ano da pandemia, com menor circula\u00e7\u00e3o de pessoas, 19 mil condutores foram flagrados transitando ou transportando passageiros sem capacete nas rodovias federais piauienses. Isso representou um aumento de 51,3% nos flagrantes em rela\u00e7\u00e3o ao ano de 2019<\/p>\n\n\n\n<h2>56% dos mortos nas estradas do PI est\u00e3o em motocicletas<\/h2>\n\n\n\n<p>A PRF destacou que a intensifica\u00e7\u00e3o no trabalho de fiscaliza\u00e7\u00e3o a esse tipo de ve\u00edculo se tornou necess\u00e1rio devido aos altos \u00edndices de gravidade dos acidentes envolvendo motocicletas no Piau\u00ed.<\/p>\n\n\n\n<p>Em 2020, 720 pessoas sofreram les\u00f5es e estavam na condi\u00e7\u00e3o de condutor ou passageiro de motocicleta, representando um \u00edndice de 55,6% do total de feridos no estado. Al\u00e9m disso, 92 pessoas morreram nessas mesmas condi\u00e7\u00f5es, o que representa 56,8% do total de mortos nas rodovias federais piauienses.<\/p>\n\n\n\n<p>Dados da Organiza\u00e7\u00e3o Pan-Americana da Sa\u00fade (Opas), \u00f3rg\u00e3o ligado \u00e0 Organiza\u00e7\u00e3o Mundial de Sa\u00fade, destacam que o uso do capacete de seguran\u00e7a pode reduzir o risco de morte em quase 40% e o risco de les\u00f5es graves em, aproximadamente, 70%.<\/p>\n\n\n\n<p>\u201cCresce a necessidade de uma conscientiza\u00e7\u00e3o maior por parte de todos os condutores e passageiros para a obrigatoriedade do uso do equipamento\u201d, destacou a PRF.<\/p>\n\n\n\n<h2>Sem capacete, n\u00e3o habilitado e embriagado<\/h2>\n\n\n\n<p>O perfil das pessoas envolvidas nessas estat\u00edsticas muitas vezes se repete, segundo a corpora\u00e7\u00e3o.<\/p>\n\n\n\n<p>\u201cNa maioria dos casos, o condutor al\u00e9m de n\u00e3o estar usando o capacete de seguran\u00e7a, no possu\u00eda CNH e ainda estava alcoolizado, o que contribui pra potencializar a gravidade dos acidentes\u201d, declarou a PRF.<\/p>\n\n\n\n<h2>Infra\u00e7\u00e3o rende multa<\/h2>\n\n\n\n<p>A PRF alerta que o condutor que for flagrado nessas situa\u00e7\u00f5es, ser\u00e1 autuado no valor de R$ 293,47, somar\u00e1 sete pontos na CNH e pode ter o seu direito de dirigir suspenso al\u00e9m do recolhimento da habilita\u00e7\u00e3o. A viagem s\u00f3 poder\u00e1 continuar se for com o uso do capacete por todos os ocupantes.<\/p>\n\n\n\n<p><strong>Fonte: G1 PI<\/strong><\/p>\n","protected":false},"excerpt":{"rendered":"<p>O Piau\u00ed \u00e9 o estado onde os motociclistas menos utilizam o capacete de prote\u00e7\u00e3o, segundo a Pol\u00edcia Rodovi\u00e1ria Federal. A informa\u00e7\u00e3o foi divulgada nesta quinta-feira (25) e o estado ficou na pior posi\u00e7\u00e3o pelo segundo ano seguido. De acordo com a PRF, metade das motocicletas fiscalizadas tinham algum ocupante sem o equipamento de prote\u00e7\u00e3o. O [&hellip;]<\/p>\n","protected":false},"author":1,"featured_media":20333,"comment_status":"open","ping_status":"open","sticky":false,"template":"","format":"standard","meta":{"beyondwords_generate_audio":"","beyondwords_project_id":"","beyondwords_podcast_id":"","beyondwords_hash":"","beyondwords_error_message":"","beyondwords_disabled":"","publish_post_to_speechkit":"","speechkit_generate_audio":"","speechkit_project_id":"","speechkit_podcast_id":"","speechkit_hash":"","speechkit_error_message":"","speechkit_disabled":"","speechkit_access_key":"","speechkit_error":"","speechkit_info":"","speechkit_response":"","speechkit_retries":"","_speechkit_link":"","_speechkit_text":""},"categories":[51],"tags":[7891,683,72,1015,492,661,903,6708,52,104,5902],"jetpack_featured_media_url":"","_links":{"self":[{"href":"https:\/\/pinews.com.br\/index.php\/wp-json\/wp\/v2\/posts\/20332"}],"collection":[{"href":"https:\/\/pinews.com.br\/index.php\/wp-json\/wp\/v2\/posts"}],"about":[{"href":"https:\/\/pinews.com.br\/index.php\/wp-json\/wp\/v2\/types\/post"}],"author":[{"embeddable":true,"href":"https:\/\/pinews.com.br\/index.php\/wp-json\/wp\/v2\/users\/1"}],"replies":[{"embeddable":true,"href":"https:\/\/pinews.com.br\/index.php\/wp-json\/wp\/v2\/comments?post=20332"}],"version-history":[{"count":0,"href":"https:\/\/pinews.com.br\/index.php\/wp-json\/wp\/v2\/posts\/20332\/revisions"}],"wp:featuredmedia":[{"embeddable":true,"href":"https:\/\/pinews.com.br\/index.php\/wp-json\/"}],"wp:attachment":[{"href":"https:\/\/pinews.com.br\/index.php\/wp-json\/wp\/v2\/media?parent=20332"}],"wp:term":[{"taxonomy":"category","embeddable":true,"href":"https:\/\/pinews.com.br\/index.php\/wp-json\/wp\/v2\/categories?post=20332"},{"taxonomy":"post_tag","embeddable":true,"href":"https:\/\/pinews.com.br\/index.php\/wp-json\/wp\/v2\/tags?post=20332"}],"curies":[{"name":"wp","href":"https:\/\/api.w.org\/{rel}","templated":true}]}}