{"id":20349,"date":"2021-03-25T11:27:35","date_gmt":"2021-03-25T14:27:35","guid":{"rendered":"https:\/\/pinews.com.br\/?p=20349"},"modified":"2021-03-25T11:27:35","modified_gmt":"2021-03-25T14:27:35","slug":"regras-para-uso-de-mascaras-em-avioes-e-aeroportos-ficam-mais-rigidas","status":"publish","type":"post","link":"https:\/\/pinews.com.br\/index.php\/2021\/03\/25\/regras-para-uso-de-mascaras-em-avioes-e-aeroportos-ficam-mais-rigidas\/","title":{"rendered":"Regras para uso de m\u00e1scaras em avi\u00f5es e aeroportos ficam mais r\u00edgidas"},"content":{"rendered":"\n<p>Entram em vigor hoje (25) as novas regras que aumentam o rigor no uso de m\u00e1scaras em aeroportos e a bordo de avi\u00f5es. As altera\u00e7\u00f5es foram aprovadas pela Ag\u00eancia Nacional de Vigil\u00e2ncia Sanit\u00e1ria (Anvisa) no dia 11 de mar\u00e7o, e constam na Resolu\u00e7\u00e3o da Diretoria Colegiada (RDC) n\u00ba 456, de 17 de dezembro de 2020.<img decoding=\"async\" src=\"https:\/\/agenciabrasil.ebc.com.br\/ebc.png?id=1404997&amp;o=node\"><img decoding=\"async\" src=\"https:\/\/agenciabrasil.ebc.com.br\/ebc.gif?id=1404997&amp;o=node\"><\/p>\n\n\n\n<p>Pela decis\u00e3o, os passageiros dever\u00e3o usar nos terminais e dentro das aeronaves m\u00e1scaras em tecido e, nesse caso, o ideal \u00e9 que elas tenham camada tripla de prote\u00e7\u00e3o ou de uso profissional, como as cir\u00fargicas e as N95\/PFF2. Em todos esses casos as m\u00e1scaras n\u00e3o devem ter v\u00e1lvula.<\/p>\n\n\n\n<p>A resolu\u00e7\u00e3o pro\u00edbe o uso de len\u00e7os, bandanas e m\u00e1scaras de acr\u00edlico. J\u00e1 os protetores faciais (<em>face shield<\/em>) s\u00f3 podem ser usados por pessoas que estiverem com m\u00e1scara por baixo.&nbsp;<\/p>\n\n\n\n<p>\u201cA m\u00e1scara deve estar ajustada ao rosto, cobrindo o nariz e boca, sem aberturas\u201d, informou a Anvisa no documento que tamb\u00e9m recomenda a troca da prote\u00e7\u00e3o a cada tr\u00eas horas de uso.<\/p>\n\n\n\n<p>Para crian\u00e7as menores de tr\u00eas anos de idade e pessoas com defici\u00eancias que impe\u00e7am o uso adequado da prote\u00e7\u00e3o, o uso da prote\u00e7\u00e3o \u00e9 facultativa. Em viagens nacionais, s\u00f3 se pode tirar a m\u00e1scara no avi\u00e3o para hidrata\u00e7\u00e3o ou para alimentar crian\u00e7as menores de 12 anos, idosos e pessoas com necessidades especiais.<\/p>\n\n\n\n<p><strong>Fonte: Ag\u00eancia Brasil<\/strong><\/p>\n","protected":false},"excerpt":{"rendered":"<p>Entram em vigor hoje (25) as novas regras que aumentam o rigor no uso de m\u00e1scaras em aeroportos e a bordo de avi\u00f5es. As altera\u00e7\u00f5es foram aprovadas pela Ag\u00eancia Nacional de Vigil\u00e2ncia Sanit\u00e1ria (Anvisa) no dia 11 de mar\u00e7o, e constam na Resolu\u00e7\u00e3o da Diretoria Colegiada (RDC) n\u00ba 456, de 17 de dezembro de 2020. [&hellip;]<\/p>\n","protected":false},"author":1,"featured_media":20350,"comment_status":"open","ping_status":"open","sticky":false,"template":"","format":"standard","meta":{"beyondwords_generate_audio":"","beyondwords_project_id":"","beyondwords_podcast_id":"","beyondwords_hash":"","beyondwords_error_message":"","beyondwords_disabled":"","publish_post_to_speechkit":"","speechkit_generate_audio":"","speechkit_project_id":"","speechkit_podcast_id":"","speechkit_hash":"","speechkit_error_message":"","speechkit_disabled":"","speechkit_access_key":"","speechkit_error":"","speechkit_info":"","speechkit_response":"","speechkit_retries":"","_speechkit_link":"","_speechkit_text":""},"categories":[134,1288],"tags":[5718,756,44,46,416,76,2961,350,5445,7896,5668],"jetpack_featured_media_url":"","_links":{"self":[{"href":"https:\/\/pinews.com.br\/index.php\/wp-json\/wp\/v2\/posts\/20349"}],"collection":[{"href":"https:\/\/pinews.com.br\/index.php\/wp-json\/wp\/v2\/posts"}],"about":[{"href":"https:\/\/pinews.com.br\/index.php\/wp-json\/wp\/v2\/types\/post"}],"author":[{"embeddable":true,"href":"https:\/\/pinews.com.br\/index.php\/wp-json\/wp\/v2\/users\/1"}],"replies":[{"embeddable":true,"href":"https:\/\/pinews.com.br\/index.php\/wp-json\/wp\/v2\/comments?post=20349"}],"version-history":[{"count":0,"href":"https:\/\/pinews.com.br\/index.php\/wp-json\/wp\/v2\/posts\/20349\/revisions"}],"wp:featuredmedia":[{"embeddable":true,"href":"https:\/\/pinews.com.br\/index.php\/wp-json\/"}],"wp:attachment":[{"href":"https:\/\/pinews.com.br\/index.php\/wp-json\/wp\/v2\/media?parent=20349"}],"wp:term":[{"taxonomy":"category","embeddable":true,"href":"https:\/\/pinews.com.br\/index.php\/wp-json\/wp\/v2\/categories?post=20349"},{"taxonomy":"post_tag","embeddable":true,"href":"https:\/\/pinews.com.br\/index.php\/wp-json\/wp\/v2\/tags?post=20349"}],"curies":[{"name":"wp","href":"https:\/\/api.w.org\/{rel}","templated":true}]}}