{"id":20368,"date":"2021-03-25T18:56:59","date_gmt":"2021-03-25T21:56:59","guid":{"rendered":"https:\/\/pinews.com.br\/?p=20368"},"modified":"2021-03-25T18:56:59","modified_gmt":"2021-03-25T21:56:59","slug":"familia-fica-mais-de-3-horas-trancada-apos-invasao-de-abelhas-no-piaui","status":"publish","type":"post","link":"https:\/\/pinews.com.br\/index.php\/2021\/03\/25\/familia-fica-mais-de-3-horas-trancada-apos-invasao-de-abelhas-no-piaui\/","title":{"rendered":"Fam\u00edlia fica mais de 3 horas trancada ap\u00f3s invas\u00e3o de abelhas no Piau\u00ed"},"content":{"rendered":"\n<p>Uma professora, as filhas de um e quatro anos e o esposo viveram momentos de desespero ao ter a casa invadida por abelhas. O caso ocorreu no bairro Dirceu II e fam\u00edlia teve que ficar trancada mais de 3 horas. A suspeita \u00e9 que os insetos voadores tenham invadido a resid\u00eancia ap\u00f3s vizinhos atearem fogo na colmeia.&nbsp;<\/p>\n\n\n\n<p>&#8220;Escutei um zumbido que foi ficando mais forte e fui na frente da casa olhar. L\u00e1 me deparei com uma nuvem preta de abelhas que come\u00e7ou a ficar na parede da garagem e invadiram a casa. Gra\u00e7as a Deus, minhas filhas estavam brincando no quarto. Minha atitude foi gritar e sair correndo.  Ficamos trancados por mais de 3 horas no quarto. Parecia abelha italiana. Foi muito assustador&#8221;, relembra a professora. <\/p>\n\n\n\n<p>Ela conta que, imediatamente, ligou para o Corpo de Bombeiros que repassou o contato da Pol\u00edcia Ambiental. Enquanto isso, a professora lembra que teve que improvisar um forro embaixo da porta para evitar a invas\u00e3o das abelhas. At\u00e9 a chegada dos policiais ambientais, ela pesquisou na internet o que poderia fazer para espant\u00e1-las.&nbsp;<\/p>\n\n\n\n<p>&#8220;A Pol\u00edcia Ambiental informou que estava em duas outras ocorr\u00eancias, inclusive, uma invas\u00e3o de abelhas. Me orientaram a ligar pra PM e at\u00e9 hoje espero. Nos sentimos desamparados.&nbsp; Enquanto isso, pesquisei o que poderia espant\u00e1-las e quando fui tentar pegar amaciante para misturar com \u00e1gua, acabei levando uma ferroada. Ent\u00e3o, nos trancamos e tivemos que esperar. A Pol\u00edcia Ambiental entrou em contato e disse pra gente n\u00e3o matar as abelhas porque era crime ambiental&#8221;, conta a professora.&nbsp;<\/p>\n\n\n\n<p>Em entrevista ao&nbsp;<strong>Bicharada<\/strong>, ela disse que causou estranheza a forma como os policiais se livraram dos insetos.&nbsp;<\/p>\n\n\n\n<p>&#8220;Mandaram a gente comprar quatro frascos de um inseticida espec\u00edfico. Achamos estranho e ficamos sem entender. A gente n\u00e3o podia matar as abelhas e mandaram a gente comprar inseticida? e se n\u00e3o tiv\u00e9ssemos dinheiro? ficamos sem entender, mas compramos o inseticida e eles jogaram e mataram as abelhas. Depois fui limpar a casa e levei mais uma ferroada no p\u00e9 e ainda hoje n\u00e3o conseguimos dormir no quarto por conta do cheiro&#8221;, conta a professora. <\/p>\n\n\n\n<p><br><strong>Matar abelhas \u00e9 crime ambiental<\/strong><\/p>\n\n\n\n<p><br>O tenente-coronel Carlos Henrique Teixeira, comandante do Batalh\u00e3o de Pol\u00edcia Ambiental (BPA), explica que os insetos foram mortos porque se tratava de arapu\u00e3s, considerada praga urbana. Segundo ele, por isso, foi solicitada a compra dos inseticida porque se trata de um servi\u00e7o particular.&nbsp;<\/p>\n\n\n\n<p>&#8220;Se fosse constatado que eram abelhas, o procedimento seria diferente. A equipe iria com uma roupa de apicultor e \u00e0 noite recolheria o enxame&#8221;, explica o comandante.&nbsp;<\/p>\n\n\n\n<p>Ao se deparar com um enxame, a orienta\u00e7\u00e3o \u00e9 nunca atear fogo, mas se afastar e acionar o 190.&nbsp;<\/p>\n\n\n\n<p>&#8220;As abelhas t\u00eam import\u00e2ncia no equil\u00edbrio da natureza, na poleniza\u00e7\u00e3o. Esse per\u00edodo de chuva, ocorr\u00eancias com abelhas ficam muito comum e a orienta\u00e7\u00e3o \u00e9 se afastar e ligar pro 190 que o Copom gera uma ocorr\u00eancia pra Pol\u00edcia Ambiental&#8221;, destaca o comandante do BPA.<\/p>\n\n\n\n<p><strong>Fonte: Cidade Verde<\/strong><\/p>\n","protected":false},"excerpt":{"rendered":"<p>Uma professora, as filhas de um e quatro anos e o esposo viveram momentos de desespero ao ter a casa invadida por abelhas. O caso ocorreu no bairro Dirceu II e fam\u00edlia teve que ficar trancada mais de 3 horas. A suspeita \u00e9 que os insetos voadores tenham invadido a resid\u00eancia ap\u00f3s vizinhos atearem fogo [&hellip;]<\/p>\n","protected":false},"author":1,"featured_media":20369,"comment_status":"open","ping_status":"open","sticky":false,"template":"","format":"standard","meta":{"beyondwords_generate_audio":"","beyondwords_project_id":"","beyondwords_podcast_id":"","beyondwords_hash":"","beyondwords_error_message":"","beyondwords_disabled":"","publish_post_to_speechkit":"","speechkit_generate_audio":"","speechkit_project_id":"","speechkit_podcast_id":"","speechkit_hash":"","speechkit_error_message":"","speechkit_disabled":"","speechkit_access_key":"","speechkit_error":"","speechkit_info":"","speechkit_response":"","speechkit_retries":"","_speechkit_link":"","_speechkit_text":""},"categories":[51,81],"tags":[877,70,44,244,160,5344,2131,76,52,7899],"jetpack_featured_media_url":"","_links":{"self":[{"href":"https:\/\/pinews.com.br\/index.php\/wp-json\/wp\/v2\/posts\/20368"}],"collection":[{"href":"https:\/\/pinews.com.br\/index.php\/wp-json\/wp\/v2\/posts"}],"about":[{"href":"https:\/\/pinews.com.br\/index.php\/wp-json\/wp\/v2\/types\/post"}],"author":[{"embeddable":true,"href":"https:\/\/pinews.com.br\/index.php\/wp-json\/wp\/v2\/users\/1"}],"replies":[{"embeddable":true,"href":"https:\/\/pinews.com.br\/index.php\/wp-json\/wp\/v2\/comments?post=20368"}],"version-history":[{"count":0,"href":"https:\/\/pinews.com.br\/index.php\/wp-json\/wp\/v2\/posts\/20368\/revisions"}],"wp:featuredmedia":[{"embeddable":true,"href":"https:\/\/pinews.com.br\/index.php\/wp-json\/"}],"wp:attachment":[{"href":"https:\/\/pinews.com.br\/index.php\/wp-json\/wp\/v2\/media?parent=20368"}],"wp:term":[{"taxonomy":"category","embeddable":true,"href":"https:\/\/pinews.com.br\/index.php\/wp-json\/wp\/v2\/categories?post=20368"},{"taxonomy":"post_tag","embeddable":true,"href":"https:\/\/pinews.com.br\/index.php\/wp-json\/wp\/v2\/tags?post=20368"}],"curies":[{"name":"wp","href":"https:\/\/api.w.org\/{rel}","templated":true}]}}