{"id":20380,"date":"2021-03-26T11:02:45","date_gmt":"2021-03-26T14:02:45","guid":{"rendered":"https:\/\/pinews.com.br\/?p=20380"},"modified":"2021-03-26T11:02:45","modified_gmt":"2021-03-26T14:02:45","slug":"jovem-funcionaria-do-pajeu-perde-a-luta-contra-a-covid-e-comove-o-municipio-de-araripina","status":"publish","type":"post","link":"https:\/\/pinews.com.br\/index.php\/2021\/03\/26\/jovem-funcionaria-do-pajeu-perde-a-luta-contra-a-covid-e-comove-o-municipio-de-araripina\/","title":{"rendered":"Jovem funcion\u00e1ria do Paje\u00fa perde a luta contra a covid e comove o munic\u00edpio de Araripina"},"content":{"rendered":"\n<p>Nessa quinta-feira 25 de mar\u00e7o a cidade de Araripina registra mais dois \u00f3bitos em decorr\u00eancia de complica\u00e7\u00f5es pela covid-19. Uma das v\u00edtimas foi a jovem identificada como Viviane Nery de 26 anos, que n\u00e3o era portadora de nenhuma&nbsp;Comorbidade&nbsp;e acabou n\u00e3o resistindo \u00e0 doen\u00e7a.<\/p>\n\n\n\n<p>De acordo com informa\u00e7\u00f5es colhidas por nossa equipe de reda\u00e7\u00e3o, a jovem trabalhava no grupo Paje\u00fa Nordeste. Uma grande como\u00e7\u00e3o toma conta das redes sociais, o povo de Araripina vivencia a agressividade que \u00e9 esse v\u00edrus que est\u00e1 avan\u00e7ado cada vez mais sobre o p\u00fablico mais jovem que n\u00e3o era considerado de risco.<\/p>\n\n\n\n<p>Desde que foi detectada as novas variantes dessa segunda onda que os especialistas vem alertando para o alto grau de contamina\u00e7\u00e3o em crian\u00e7as e jovens. Pode ser que com o aumento desses \u00f3bitos nessa faixa et\u00e1ria haja um novo direcionamento nas aplica\u00e7\u00f5es das vacinas e a acelera\u00e7\u00e3o desse processo de vacina\u00e7\u00e3o torna-se cada vez mais necess\u00e1rio e urgente.<\/p>\n\n\n\n<p><strong>Fonte: Araripina em Foco&nbsp;<\/strong><\/p>\n","protected":false},"excerpt":{"rendered":"<p>Nessa quinta-feira 25 de mar\u00e7o a cidade de Araripina registra mais dois \u00f3bitos em decorr\u00eancia de complica\u00e7\u00f5es pela covid-19. Uma das v\u00edtimas foi a jovem identificada como Viviane Nery de 26 anos, que n\u00e3o era portadora de nenhuma&nbsp;Comorbidade&nbsp;e acabou n\u00e3o resistindo \u00e0 doen\u00e7a. De acordo com informa\u00e7\u00f5es colhidas por nossa equipe de reda\u00e7\u00e3o, a jovem [&hellip;]<\/p>\n","protected":false},"author":1,"featured_media":20381,"comment_status":"open","ping_status":"open","sticky":false,"template":"","format":"standard","meta":{"beyondwords_generate_audio":"","beyondwords_project_id":"","beyondwords_podcast_id":"","beyondwords_hash":"","beyondwords_error_message":"","beyondwords_disabled":"","publish_post_to_speechkit":"","speechkit_generate_audio":"","speechkit_project_id":"","speechkit_podcast_id":"","speechkit_hash":"","speechkit_error_message":"","speechkit_disabled":"","speechkit_access_key":"","speechkit_error":"","speechkit_info":"","speechkit_response":"","speechkit_retries":"","_speechkit_link":"","_speechkit_text":""},"categories":[134],"tags":[1240,524,294,2406,44,1632,266,1020,50,7904,731],"jetpack_featured_media_url":"","_links":{"self":[{"href":"https:\/\/pinews.com.br\/index.php\/wp-json\/wp\/v2\/posts\/20380"}],"collection":[{"href":"https:\/\/pinews.com.br\/index.php\/wp-json\/wp\/v2\/posts"}],"about":[{"href":"https:\/\/pinews.com.br\/index.php\/wp-json\/wp\/v2\/types\/post"}],"author":[{"embeddable":true,"href":"https:\/\/pinews.com.br\/index.php\/wp-json\/wp\/v2\/users\/1"}],"replies":[{"embeddable":true,"href":"https:\/\/pinews.com.br\/index.php\/wp-json\/wp\/v2\/comments?post=20380"}],"version-history":[{"count":0,"href":"https:\/\/pinews.com.br\/index.php\/wp-json\/wp\/v2\/posts\/20380\/revisions"}],"wp:featuredmedia":[{"embeddable":true,"href":"https:\/\/pinews.com.br\/index.php\/wp-json\/"}],"wp:attachment":[{"href":"https:\/\/pinews.com.br\/index.php\/wp-json\/wp\/v2\/media?parent=20380"}],"wp:term":[{"taxonomy":"category","embeddable":true,"href":"https:\/\/pinews.com.br\/index.php\/wp-json\/wp\/v2\/categories?post=20380"},{"taxonomy":"post_tag","embeddable":true,"href":"https:\/\/pinews.com.br\/index.php\/wp-json\/wp\/v2\/tags?post=20380"}],"curies":[{"name":"wp","href":"https:\/\/api.w.org\/{rel}","templated":true}]}}