{"id":20389,"date":"2021-03-26T18:46:41","date_gmt":"2021-03-26T21:46:41","guid":{"rendered":"https:\/\/pinews.com.br\/?p=20389"},"modified":"2021-03-26T18:46:41","modified_gmt":"2021-03-26T21:46:41","slug":"contran-prorroga-renovacao-de-carteira-de-motorista-em-15-estados","status":"publish","type":"post","link":"https:\/\/pinews.com.br\/index.php\/2021\/03\/26\/contran-prorroga-renovacao-de-carteira-de-motorista-em-15-estados\/","title":{"rendered":"Contran prorroga renova\u00e7\u00e3o de carteira de motorista em 15 estados"},"content":{"rendered":"\n<p>O Conselho Nacional de Tr\u00e2nsito (Contran) prorrogou por tempo indeterminado os prazos para a renova\u00e7\u00e3o da Carteira Nacional de Habilita\u00e7\u00e3o (CNH), assim como licenciamento, transfer\u00eancia e tamb\u00e9m para a emiss\u00e3o ou defesa de multas de tr\u00e2nsito em 14&nbsp;estados e no Distrito Federal. As portarias com as prorroga\u00e7\u00f5es come\u00e7aram a ser publicadas na \u00faltima quarta-feira (24) no&nbsp;<em>Di\u00e1rio Oficial da Uni\u00e3o<\/em>&nbsp;(DOU).<\/p>\n\n\n\n<p>A medida, tomada em raz\u00e3o do agravamento da pandemia do novo coronav\u00edrus, vale para o Acre, Alagoas, Amap\u00e1, Amazonas, Bahia, Cear\u00e1, Distrito Federal, Goi\u00e1s, Mato Grosso, Mato Grosso do Sul, Para\u00edba, Pernambuco, Rio de Janeiro, Rio Grande do Norte e S\u00e3o Paulo e poder\u00e1 ser aplicada a outros estados.<\/p>\n\n\n\n<p>Os prazos de in\u00edcio da prorroga\u00e7\u00e3o variam, conforme a unidade da federa\u00e7\u00e3o. Segundo o presidente do Contran e diretor-geral do Departamento Nacional de Tr\u00e2nsito (Denatran), Frederico Carneiro, a iniciativa visa reduzir os impactos da pandemia.<\/p>\n\n\n\n<h2>Prorroga\u00e7\u00e3o<\/h2>\n\n\n\n<p>\u201cO Contran ir\u00e1 atender todas as 27 unidades da federa\u00e7\u00e3o que necessitarem da prorroga\u00e7\u00e3o dos prazos. Estamos em reuni\u00e3o com os Detrans durante essa semana para ouvir e responder as solicita\u00e7\u00f5es e, assim, reduzir os efeitos da pandemia&#8221;, afirmou.<\/p>\n\n\n\n<p>De acordo com o Contran, os estados poder\u00e3o solicitar a retomada dos prazos dependendo da evolu\u00e7\u00e3o do combate \u00e0 pandemia.<\/p>\n\n\n\n<p>&#8220;Cada \u00f3rg\u00e3o ter\u00e1 o direito de solicitar o adiamento e a retomada dos prazos, dando maior autonomia para cada um deles, de acordo com a necessidade\u201d, finalizou Carneiro.<\/p>\n\n\n\n<p><strong>Fonte: Ag\u00eancia Brasil<\/strong><\/p>\n","protected":false},"excerpt":{"rendered":"<p>O Conselho Nacional de Tr\u00e2nsito (Contran) prorrogou por tempo indeterminado os prazos para a renova\u00e7\u00e3o da Carteira Nacional de Habilita\u00e7\u00e3o (CNH), assim como licenciamento, transfer\u00eancia e tamb\u00e9m para a emiss\u00e3o ou defesa de multas de tr\u00e2nsito em 14&nbsp;estados e no Distrito Federal. As portarias com as prorroga\u00e7\u00f5es come\u00e7aram a ser publicadas na \u00faltima quarta-feira (24) [&hellip;]<\/p>\n","protected":false},"author":1,"featured_media":20391,"comment_status":"open","ping_status":"open","sticky":false,"template":"","format":"standard","meta":{"beyondwords_generate_audio":"","beyondwords_project_id":"","beyondwords_podcast_id":"","beyondwords_hash":"","beyondwords_error_message":"","beyondwords_disabled":"","publish_post_to_speechkit":"","speechkit_generate_audio":"","speechkit_project_id":"","speechkit_podcast_id":"","speechkit_hash":"","speechkit_error_message":"","speechkit_disabled":"","speechkit_access_key":"","speechkit_error":"","speechkit_info":"","speechkit_response":"","speechkit_retries":"","_speechkit_link":"","_speechkit_text":""},"categories":[134],"tags":[180,5385,7907,44,46,1271,58,6313,7908],"jetpack_featured_media_url":"","_links":{"self":[{"href":"https:\/\/pinews.com.br\/index.php\/wp-json\/wp\/v2\/posts\/20389"}],"collection":[{"href":"https:\/\/pinews.com.br\/index.php\/wp-json\/wp\/v2\/posts"}],"about":[{"href":"https:\/\/pinews.com.br\/index.php\/wp-json\/wp\/v2\/types\/post"}],"author":[{"embeddable":true,"href":"https:\/\/pinews.com.br\/index.php\/wp-json\/wp\/v2\/users\/1"}],"replies":[{"embeddable":true,"href":"https:\/\/pinews.com.br\/index.php\/wp-json\/wp\/v2\/comments?post=20389"}],"version-history":[{"count":0,"href":"https:\/\/pinews.com.br\/index.php\/wp-json\/wp\/v2\/posts\/20389\/revisions"}],"wp:featuredmedia":[{"embeddable":true,"href":"https:\/\/pinews.com.br\/index.php\/wp-json\/"}],"wp:attachment":[{"href":"https:\/\/pinews.com.br\/index.php\/wp-json\/wp\/v2\/media?parent=20389"}],"wp:term":[{"taxonomy":"category","embeddable":true,"href":"https:\/\/pinews.com.br\/index.php\/wp-json\/wp\/v2\/categories?post=20389"},{"taxonomy":"post_tag","embeddable":true,"href":"https:\/\/pinews.com.br\/index.php\/wp-json\/wp\/v2\/tags?post=20389"}],"curies":[{"name":"wp","href":"https:\/\/api.w.org\/{rel}","templated":true}]}}