{"id":20440,"date":"2021-03-29T10:50:36","date_gmt":"2021-03-29T13:50:36","guid":{"rendered":"https:\/\/pinews.com.br\/?p=20440"},"modified":"2021-03-29T10:50:36","modified_gmt":"2021-03-29T13:50:36","slug":"profissionais-de-hospital-acusam-vereador-de-invadir-setor-covid-e-aplicar-injecao-em-paciente-no-piaui","status":"publish","type":"post","link":"https:\/\/pinews.com.br\/index.php\/2021\/03\/29\/profissionais-de-hospital-acusam-vereador-de-invadir-setor-covid-e-aplicar-injecao-em-paciente-no-piaui\/","title":{"rendered":"Profissionais de hospital acusam vereador de invadir setor covid e aplicar inje\u00e7\u00e3o em paciente no Piau\u00ed"},"content":{"rendered":"\n<p>O vereador de Floriano, Ancelmo Jorge Soares da Silva, \u00e9 acusado de ter invadido o setor covid-19 do Hospital Regional Tib\u00e9rio Nunes. De acordo com den\u00fancia feita pelos profissionais de sa\u00fade do setor, o vereador, que \u00e9 enfermeiro e j\u00e1 foi diretor do hospital, teria entrado sem permiss\u00e3o no setor durante os dias 22 e 23 de mar\u00e7o e aplicado uma inje\u00e7\u00e3o no paciente Chagas de Oliveira.<\/p>\n\n\n\n<p>Ancelmo Jorge \u00e9 servidor do hospital, mas encontra-se afastado das atividades por ser vereador. O Hospital registrou um boletim de ocorr\u00eancia contra o vereador. Os profissionais de sa\u00fade do setor tamb\u00e9m fizeram uma den\u00fancia ao Conselho Regional de Enfermagem. Eles denunciam uma tentativa de interfer\u00eancia no protocolo de tratamento do doente. O hospital tamb\u00e9m divulgou uma nota de rep\u00fadio contra o vereador.&nbsp;<\/p>\n\n\n\n<p>O paciente \u00e9 empres\u00e1rio, tem 51 anos, e estaria em estado grave e foi intubado. Os dois seriam amigos e, segundo funcion\u00e1rio do hospital ouvido pelo CidadeVerde.com, o vereador estaria pressionando os profissionais do setor no tratamento do paciente.<\/p>\n\n\n\n<p>Em coletiva de imprensa, a coordenadora do setor Covid-19 do hospital, M\u00e1rcia Dias, afirmou que apesar das dificuldades estruturais enfrentadas pelo hospital, os pacientes internados no setor est\u00e3o recebendo tratamento de acordo com o protocolo adotado no estado.<\/p>\n\n\n\n<p>\u201cEstamos consternados com a situa\u00e7\u00e3o em rela\u00e7\u00e3o ao trabalho dos servidores do setor covid-19. S\u00e3o profissionais \u00e9ticos presentes nos plant\u00f5es. Trabalhamos com os recursos em m\u00e3os para o melhor atendimento. De repente nos vimos confrontados e nosso servi\u00e7o colocado em xeque. Sabemos das limita\u00e7\u00f5es que trabalhamos, limita\u00e7\u00f5es de infraestrutura e do servi\u00e7o como um todo, dentro do ofertado, trabalhos com o protocolo estabelecido\u201d, destacou.<\/p>\n\n\n\n<p>Segundo a coordenadora, o hospital possui dificuldade de acesso a medicamentos para entuba\u00e7\u00e3o dos pacientes. Mas ela afirma que os&nbsp; medicamentos em falta est\u00e3o sendo substitu\u00eddos por outros. Segundo o hospital, sem riscos para o paciente.&nbsp;<\/p>\n\n\n\n<p>\u201cAtravessamos um per\u00edodo cr\u00edtico de medica\u00e7\u00e3o. N\u00e3o \u00e9 apenas do hospital, \u00e9 nacional. Dificuldade de aquisi\u00e7\u00e3o da medica\u00e7\u00e3o porque n\u00e3o se encontra dispon\u00edvel no mercado. Estamos conseguindo trabalhar, nenhuma medica\u00e7\u00e3o \u00e9 insubstitu\u00edvel, existem op\u00e7\u00f5es. Nenhum paciente ficou no preju\u00edzo. Trabalhamos com limita\u00e7\u00f5es, mas dentro do poss\u00edvel. Fazemos um excelente trabalho\u201d, disse.&nbsp;<\/p>\n\n\n\n<p>A reportagem tentou&nbsp;ouvir o vereador Ancelmo Jorge, mas n\u00e3o conseguiu contato. O espa\u00e7o continua aberto para esclarecimentos.&nbsp;<\/p>\n\n\n\n<figure class=\"wp-block-image\"><img decoding=\"async\" src=\"https:\/\/cidadeverde.com\/assets\/uploads\/noticias\/91e1b439a8c28edb2573fcc3007b41b8.jpg\" alt=\"\"\/><\/figure>\n\n\n\n<p><strong>Fonte: L\u00eddia Brito\/ Cidade Verde<\/strong><\/p>\n","protected":false},"excerpt":{"rendered":"<p>O vereador de Floriano, Ancelmo Jorge Soares da Silva, \u00e9 acusado de ter invadido o setor covid-19 do Hospital Regional Tib\u00e9rio Nunes. De acordo com den\u00fancia feita pelos profissionais de sa\u00fade do setor, o vereador, que \u00e9 enfermeiro e j\u00e1 foi diretor do hospital, teria entrado sem permiss\u00e3o no setor durante os dias 22 e [&hellip;]<\/p>\n","protected":false},"author":1,"featured_media":20441,"comment_status":"open","ping_status":"open","sticky":false,"template":"","format":"standard","meta":{"beyondwords_generate_audio":"","beyondwords_project_id":"","beyondwords_podcast_id":"","beyondwords_hash":"","beyondwords_error_message":"","beyondwords_disabled":"","publish_post_to_speechkit":"","speechkit_generate_audio":"","speechkit_project_id":"","speechkit_podcast_id":"","speechkit_hash":"","speechkit_error_message":"","speechkit_disabled":"","speechkit_access_key":"","speechkit_error":"","speechkit_info":"","speechkit_response":"","speechkit_retries":"","_speechkit_link":"","_speechkit_text":""},"categories":[51],"tags":[7916,6111,2406,44,46,339,7917,227,2717,52,6733,7918,234],"jetpack_featured_media_url":"","_links":{"self":[{"href":"https:\/\/pinews.com.br\/index.php\/wp-json\/wp\/v2\/posts\/20440"}],"collection":[{"href":"https:\/\/pinews.com.br\/index.php\/wp-json\/wp\/v2\/posts"}],"about":[{"href":"https:\/\/pinews.com.br\/index.php\/wp-json\/wp\/v2\/types\/post"}],"author":[{"embeddable":true,"href":"https:\/\/pinews.com.br\/index.php\/wp-json\/wp\/v2\/users\/1"}],"replies":[{"embeddable":true,"href":"https:\/\/pinews.com.br\/index.php\/wp-json\/wp\/v2\/comments?post=20440"}],"version-history":[{"count":0,"href":"https:\/\/pinews.com.br\/index.php\/wp-json\/wp\/v2\/posts\/20440\/revisions"}],"wp:featuredmedia":[{"embeddable":true,"href":"https:\/\/pinews.com.br\/index.php\/wp-json\/"}],"wp:attachment":[{"href":"https:\/\/pinews.com.br\/index.php\/wp-json\/wp\/v2\/media?parent=20440"}],"wp:term":[{"taxonomy":"category","embeddable":true,"href":"https:\/\/pinews.com.br\/index.php\/wp-json\/wp\/v2\/categories?post=20440"},{"taxonomy":"post_tag","embeddable":true,"href":"https:\/\/pinews.com.br\/index.php\/wp-json\/wp\/v2\/tags?post=20440"}],"curies":[{"name":"wp","href":"https:\/\/api.w.org\/{rel}","templated":true}]}}