{"id":20495,"date":"2021-03-30T19:10:13","date_gmt":"2021-03-30T22:10:13","guid":{"rendered":"https:\/\/pinews.com.br\/?p=20495"},"modified":"2021-03-30T19:10:13","modified_gmt":"2021-03-30T22:10:13","slug":"estudantes-do-piaui-chegam-a-tirar-980-pontos-na-prova-de-redacao-do-enem","status":"publish","type":"post","link":"https:\/\/pinews.com.br\/index.php\/2021\/03\/30\/estudantes-do-piaui-chegam-a-tirar-980-pontos-na-prova-de-redacao-do-enem\/","title":{"rendered":"Estudantes do Piau\u00ed chegam a tirar 980 pontos na prova de Reda\u00e7\u00e3o do Enem"},"content":{"rendered":"\n<p><br>Os candidatos do Piau\u00ed conquistaram notas acima de 900 pontos na Reda\u00e7\u00e3o do Exame Nacional do Ensino M\u00e9dio (Enem).  Estudantes das escolas p\u00fablicas e privadas driblaram a ansiedade em tempos de pandemia da Covid-19 e as incertezas sobre a prova do Enem. Agora, est\u00e3o a um passo da aprova\u00e7\u00e3o para o Ensino Superior. O <strong>Cidadeverde.com<\/strong> conversou com alguns estudantes. Eles contaram as suas rotinas de estudo e a t\u00e3o esperada nota da Reda\u00e7\u00e3o. Este ano, o tema foi \u201co estigma associado \u00e0s doen\u00e7as mentais na sociedade brasileira\u201d.<\/p>\n\n\n\n<p><br>Filho de agricultores, Jo\u00e3o Jos\u00e9 de Souza Silva, de 18 anos, mora na zona rural do munic\u00edpio de Acau\u00e3, e conquistou 980 pontos na reda\u00e7\u00e3o. Jo\u00e3o Jos\u00e9 \u00e9 estudante da Unidade Escolar Ant\u00f4nio Rodrigues Filho e, devido a pandemia da Covid-19, assistiu \u00e0s aulas remotamente. Ele pretende cursar Matem\u00e1tica. &#8220;Iniciei os estudos aqui na minha cidade e sempre busquei ter boas notas. Me preparei focado na reda\u00e7\u00e3o. Eu tirava algumas horas para estudar em casa, principalmente, escrevendo as reda\u00e7\u00f5es. Ent\u00e3o, a pr\u00e1tica me ajudou bastante&#8221;, diz Jo\u00e3o Jos\u00e9.<\/p>\n\n\n\n<p>Foto: Anna Luisa Melo Coelho&nbsp;por&nbsp;@dakbearprin<\/p>\n\n\n\n<figure class=\"wp-block-image\"><img decoding=\"async\" src=\"https:\/\/cidadeverde.com\/assets\/uploads\/noticias\/ffd206ddba665a15ccc2a44de5ff44d8.JPG\" alt=\"\"\/><\/figure>\n\n\n\n<p><br><br>A estudante Anna Luisa Melo Coelho, de 18 anos, alcan\u00e7ou os 940 pontos. Estudante do Col\u00e9gio M\u00e9rito D&#8217;martonne, Anna busca uma vaga no curso de Direito da Universidade Federal do Piau\u00ed. Ela conta que criou o projeto social \u201cAbra\u00e7ar\u201d, que a ajudou no desenvolvimento do texto. O projeto promove debates junto a profissionais da psicologia e rodas de conversa durante o m\u00eas de setembro (m\u00eas mundial de combate ao suic\u00eddio). <\/p>\n\n\n\n<p>\u201cEscrever a minha reda\u00e7\u00e3o contou com alguns desafios, dentre eles, o uso cont\u00ednuo de m\u00e1scaras. Em decorr\u00eancia da pandemia do novo coronav\u00edrus, tivemos que fazer toda a prova usando m\u00e1scaras o que dificulta a respira\u00e7\u00e3o e consequentemente aumenta os n\u00edveis de ansiedade. Ent\u00e3o, para mim, controlar a ansiedade durante a escrita foi bem dif\u00edcil\u201d, relembra Anna sobre o momento da prova.&nbsp;<\/p>\n\n\n\n<p>Foto:&nbsp;Ana Clara Mendes de Ara\u00fajo\/arquivo pessoal<\/p>\n\n\n\n<p><img decoding=\"async\" src=\"https:\/\/cidadeverde.com\/assets\/uploads\/noticias\/e6e99b8de11e84eeb21a56393bc12f6e.JPG\"><br><br>Com o grande sonho de cursar Medicina Veterin\u00e1ria, a estudante de 19 anos, Ana Clara Mendes de Ara\u00fajo, tirou 980 na Reda\u00e7\u00e3o. Durante a prepara\u00e7\u00e3o, ela redigia por semana pelo menos uma reda\u00e7\u00e3o e, al\u00e9m do apoio da escola, fez um curso extra para aprimorar a escrita.&nbsp;<br><br>\u201cAl\u00e9m das reda\u00e7\u00f5es que eu fazia durante a semana, aos s\u00e1bados tinha os simulados, que ajudou bastante porque j\u00e1 era uma reda\u00e7\u00e3o a mais. Com a quest\u00e3o da pandemia, eu fiquei ansiosa sem saber como seria a quest\u00e3o do Enem, mas nunca deixei de me esfor\u00e7ar para dar o meu melhor na prova. O resultado veio: 980 para mim \u00e9 uma nota maravilhosa, estou muito feliz\u201d.&nbsp;<\/p>\n\n\n\n<p>Lilian D\u00e1vila Soares Lopes -Foto: arquivo pessoal<br><img decoding=\"async\" scale=\"0\" src=\"https:\/\/cidadeverde.com\/assets\/uploads\/noticias\/33bc8f4c8468c45a2a4b11a9befeda43.JPG\"><br><br>Outra aluna da rede p\u00fablica de Ensino que conquistou 980 pontos na Reda\u00e7\u00e3o foi a estudante Lilian D\u00e1vila Soares Lopes, da Unidade Escolar Jo\u00e3o Alves de Macedo Filho. Ela mora na cidade de Juazeiro do Piau\u00ed e tem o sonho de cursar Fisioterapia. &#8220;Este resultado foi esperado, pois me dedico h\u00e1 muito tempo\u201d, comemora.<br><br>A Maria Gabriella Miranda de Carvalho, de 17 anos, tamb\u00e9m conquistou 980 pontos. \u201cFoi algo incr\u00edvel\u201d, diz a estudante ao receber a nota. Ela conta que se preparou ao longo do ano em busca do seu sonho de ser m\u00e9dica.<\/p>\n\n\n\n<figure class=\"wp-block-embed-youtube wp-block-embed is-type-video is-provider-youtube wp-embed-aspect-16-9 wp-has-aspect-ratio\"><div class=\"wp-block-embed__wrapper\">\n<iframe loading=\"lazy\" title=\"Alunos do PI conquistam mais de 900 pontos da reda\u00e7\u00e3o do Enem\" width=\"1170\" height=\"658\" src=\"https:\/\/www.youtube.com\/embed\/b0agyk68jbE?feature=oembed\" frameborder=\"0\" allow=\"accelerometer; autoplay; clipboard-write; encrypted-media; gyroscope; picture-in-picture; web-share\" allowfullscreen><\/iframe>\n<\/div><\/figure>\n\n\n\n<p><br>Aos 17 anos, o estudante Willys Lennon terminou o Ensino M\u00e9dio e quer cursar Direito. \u201cAlcancei uma nota de 980 pontos na reda\u00e7\u00e3o com um tema bastante discutido e interessante de escrever, fora que em tempos de pandemia \u00e9 pertinente falar sobre sa\u00fade mental, pois estamos for\u00e7ados a um isolamento social em prol da sa\u00fade geral\u201d.&nbsp;<br><br>Willys Lennon confessa que, por motivos de falta de afinidade com a mat\u00e9ria, decidiu se matricular em um curso de Reda\u00e7\u00e3o. \u201cA partir disso, comecei a ter outra vis\u00e3o sobre como escrever, com aulas toda segunda-feira e textos semanais me preparei at\u00e9 o dia da prova\u201d.&nbsp;<br><br>Foto: arquivo pessoal\/&nbsp;Willys Lennon<\/p>\n\n\n\n<p><img decoding=\"async\" scale=\"0\" src=\"https:\/\/cidadeverde.com\/assets\/uploads\/noticias\/1c3accc3438dc87f2119cb841e187824.JPG\"><br><br><br><strong>Fonte: Carlienne Carpaso\/ Cidade Verde<\/strong><\/p>\n","protected":false},"excerpt":{"rendered":"<p>Os candidatos do Piau\u00ed conquistaram notas acima de 900 pontos na Reda\u00e7\u00e3o do Exame Nacional do Ensino M\u00e9dio (Enem). Estudantes das escolas p\u00fablicas e privadas driblaram a ansiedade em tempos de pandemia da Covid-19 e as incertezas sobre a prova do Enem. Agora, est\u00e3o a um passo da aprova\u00e7\u00e3o para o Ensino Superior. O Cidadeverde.com [&hellip;]<\/p>\n","protected":false},"author":1,"featured_media":20483,"comment_status":"open","ping_status":"open","sticky":false,"template":"","format":"standard","meta":{"beyondwords_generate_audio":"","beyondwords_project_id":"","beyondwords_podcast_id":"","beyondwords_hash":"","beyondwords_error_message":"","beyondwords_disabled":"","publish_post_to_speechkit":"","speechkit_generate_audio":"","speechkit_project_id":"","speechkit_podcast_id":"","speechkit_hash":"","speechkit_error_message":"","speechkit_disabled":"","speechkit_access_key":"","speechkit_error":"","speechkit_info":"","speechkit_response":"","speechkit_retries":"","_speechkit_link":"","_speechkit_text":""},"categories":[394,51],"tags":[7934,211,44,395,2332,91,52,543,5765,544,559],"jetpack_featured_media_url":"","_links":{"self":[{"href":"https:\/\/pinews.com.br\/index.php\/wp-json\/wp\/v2\/posts\/20495"}],"collection":[{"href":"https:\/\/pinews.com.br\/index.php\/wp-json\/wp\/v2\/posts"}],"about":[{"href":"https:\/\/pinews.com.br\/index.php\/wp-json\/wp\/v2\/types\/post"}],"author":[{"embeddable":true,"href":"https:\/\/pinews.com.br\/index.php\/wp-json\/wp\/v2\/users\/1"}],"replies":[{"embeddable":true,"href":"https:\/\/pinews.com.br\/index.php\/wp-json\/wp\/v2\/comments?post=20495"}],"version-history":[{"count":0,"href":"https:\/\/pinews.com.br\/index.php\/wp-json\/wp\/v2\/posts\/20495\/revisions"}],"wp:featuredmedia":[{"embeddable":true,"href":"https:\/\/pinews.com.br\/index.php\/wp-json\/"}],"wp:attachment":[{"href":"https:\/\/pinews.com.br\/index.php\/wp-json\/wp\/v2\/media?parent=20495"}],"wp:term":[{"taxonomy":"category","embeddable":true,"href":"https:\/\/pinews.com.br\/index.php\/wp-json\/wp\/v2\/categories?post=20495"},{"taxonomy":"post_tag","embeddable":true,"href":"https:\/\/pinews.com.br\/index.php\/wp-json\/wp\/v2\/tags?post=20495"}],"curies":[{"name":"wp","href":"https:\/\/api.w.org\/{rel}","templated":true}]}}