{"id":20554,"date":"2021-04-01T18:56:29","date_gmt":"2021-04-01T21:56:29","guid":{"rendered":"https:\/\/pinews.com.br\/?p=20554"},"modified":"2021-04-01T18:56:29","modified_gmt":"2021-04-01T21:56:29","slug":"prf-faz-mudancas-na-fiscalizacao-de-cnhs-e-licenciamentos-apos-prazos-prorrogados-no-piaui","status":"publish","type":"post","link":"https:\/\/pinews.com.br\/index.php\/2021\/04\/01\/prf-faz-mudancas-na-fiscalizacao-de-cnhs-e-licenciamentos-apos-prazos-prorrogados-no-piaui\/","title":{"rendered":"PRF faz mudan\u00e7as na fiscaliza\u00e7\u00e3o de CNHs e licenciamentos ap\u00f3s prazos prorrogados no Piau\u00ed"},"content":{"rendered":"\n<p>A Pol\u00edcia Rodovi\u00e1ria Federal (PRF) do Piau\u00ed fez mudan\u00e7as na fiscaliza\u00e7\u00e3o de condutores e ve\u00edculos considerando os&nbsp;novos prazos estabelecidos pelo Departamento Nacional de Tr\u00e2nsito (Denatran). Segundo o inspetor Alexandro Lima, todo o efetivo j\u00e1 foi orientado para as abordagens considerando as altera\u00e7\u00f5es.<\/p>\n\n\n\n<p>\u201cAlguns procedimentos foram prorrogados por tempo indeterminado, ent\u00e3o quando se detectarem algumas dessas situa\u00e7\u00f5es pela PRF, o condutor n\u00e3o vai ser autuado\u201d, explicou o inspetor.<\/p>\n\n\n\n<p><strong>Est\u00e3o prorrogados por tempo indeterminado:<\/strong><\/p>\n\n\n\n<ul><li>a data final para&nbsp;apresenta\u00e7\u00e3o de defesa pr\u00e9via e de indica\u00e7\u00e3o do condutor infrator encerrada&nbsp;desde 22 de mar\u00e7o de 2021, para as notifica\u00e7\u00f5es de autua\u00e7\u00e3o (NA) j\u00e1 enviadas;<\/li><li>a&nbsp;data final para apresenta\u00e7\u00e3o de recurso&nbsp;encerrada desde 22 de mar\u00e7o de 2021, para as notifica\u00e7\u00f5es de penalidade (NP) expedidas;<\/li><li>a data final para&nbsp;apresenta\u00e7\u00e3o de recursos em processos de suspens\u00e3o do direito de dirigir e de cassa\u00e7\u00e3o do documento de habilita\u00e7\u00e3o&nbsp;encerrada desde 22 de mar\u00e7o de 2021;<\/li><li>o prazo para&nbsp;<strong>renova\u00e7\u00e3o das Carteiras Nacionais de Habilita\u00e7\u00e3o (CNH)<\/strong>&nbsp;e das&nbsp;Autoriza\u00e7\u00f5es para Conduzir Ciclomotor (ACC) vencidas&nbsp;desde 1 de mar\u00e7o de 2020 e com vencimento a partir da data de publica\u00e7\u00e3o desta Portaria;<\/li><li>o&nbsp;prazo de validade das ACC,&nbsp;Permiss\u00e3o Para Dirigir&nbsp;(PPD) e&nbsp;CNH vencidas&nbsp;desde 1 de mar\u00e7o de 2020 e com vencimento a partir da data de publica\u00e7\u00e3o desta Portaria, para fins de fiscaliza\u00e7\u00e3o;<\/li><li>o&nbsp;<strong>prazo para registro e licenciamento do ve\u00edculo novo adquirido<\/strong>&nbsp;desde 5 de mar\u00e7o de 2021;<\/li><li>o prazo para o propriet\u00e1rio adotar as&nbsp;provid\u00eancias necess\u00e1rias \u00e0 efetiva\u00e7\u00e3o de transfer\u00eancia de propriedade de ve\u00edculo&nbsp;adquirido desde 18 de fevereiro de 2021.<\/li><\/ul>\n\n\n\n<p>As altera\u00e7\u00f5es realizadas pelo Conselho Nacional de Tr\u00e2nsito (Contran) em 23 unidades federativas foram solicitadas pelo pr\u00f3prio estado como forma de preven\u00e7\u00e3o ao novo coronav\u00edrus. Apenas os estados de Minas Gerais (MG), Paran\u00e1 (PR), Roraima (RR) e Santa Catarina (SC) n\u00e3o solicitaram \u00e0s prorroga\u00e7\u00f5es.<\/p>\n\n\n\n<p>\u201cDe acordo com o Denatran, os procedimentos variam para cada estado.&nbsp;Se um condutor do Paran\u00e1 estiver transitando aqui no Piau\u00ed, por exemplo, a CNH dele tem que estar devidamente na validade, porque o seu estado n\u00e3o aderiu \u00e0 prorroga\u00e7\u00e3o\u201c, explicou o inspetor Alexandro.<\/p>\n\n\n\n<p>O inspetor tamb\u00e9m advertiu que essas medidas valem tanto para o condutor quanto para o ve\u00edculo. Se uma pessoa comprou um carro, por exemplo, em Minas Gerais,&nbsp;o autom\u00f3vel tem que se adequar \u00e0 legisla\u00e7\u00e3o do seu estado de origem.<\/p>\n\n\n\n<p>Os estados que requisitam as prorroga\u00e7\u00f5es poder\u00e3o solicitar a retomada dos prazos dependendo da evolu\u00e7\u00e3o do combate \u00e0 pandemia, segundo a PRF.<\/p>\n\n\n\n<h2>IPVA<\/h2>\n\n\n\n<p>O secret\u00e1rio de Fazenda do Piau\u00ed, Rafael Fonteles, anunciou, nesta quarta-feira (31), a&nbsp;prorroga\u00e7\u00e3o do prazo para pagamento do Imposto sobre a Propriedade de Ve\u00edculos Automotores (IPVA), por mais 90 dias.<\/p>\n\n\n\n<p>O prazo para o pagamento era at\u00e9 esta quarta (31) de mar\u00e7o. Na pr\u00e1tica, significa que&nbsp;o contribuinte que quiser pagar a cota \u00fanica do IPVA, com 5% de desconto, tem at\u00e9 o dia 30 de junho.<\/p>\n\n\n\n<p><strong>Fonte: G1 PI<\/strong><\/p>\n","protected":false},"excerpt":{"rendered":"<p>A Pol\u00edcia Rodovi\u00e1ria Federal (PRF) do Piau\u00ed fez mudan\u00e7as na fiscaliza\u00e7\u00e3o de condutores e ve\u00edculos considerando os&nbsp;novos prazos estabelecidos pelo Departamento Nacional de Tr\u00e2nsito (Denatran). Segundo o inspetor Alexandro Lima, todo o efetivo j\u00e1 foi orientado para as abordagens considerando as altera\u00e7\u00f5es. \u201cAlguns procedimentos foram prorrogados por tempo indeterminado, ent\u00e3o quando se detectarem algumas dessas [&hellip;]<\/p>\n","protected":false},"author":1,"featured_media":20552,"comment_status":"open","ping_status":"open","sticky":false,"template":"","format":"standard","meta":{"beyondwords_generate_audio":"","beyondwords_project_id":"","beyondwords_podcast_id":"","beyondwords_hash":"","beyondwords_error_message":"","beyondwords_disabled":"","publish_post_to_speechkit":"","speechkit_generate_audio":"","speechkit_project_id":"","speechkit_podcast_id":"","speechkit_hash":"","speechkit_error_message":"","speechkit_disabled":"","speechkit_access_key":"","speechkit_error":"","speechkit_info":"","speechkit_response":"","speechkit_retries":"","_speechkit_link":"","_speechkit_text":""},"categories":[51],"tags":[70,5362,44,963,1131,7952,7953,91,52,6937,104,7954],"jetpack_featured_media_url":"","_links":{"self":[{"href":"https:\/\/pinews.com.br\/index.php\/wp-json\/wp\/v2\/posts\/20554"}],"collection":[{"href":"https:\/\/pinews.com.br\/index.php\/wp-json\/wp\/v2\/posts"}],"about":[{"href":"https:\/\/pinews.com.br\/index.php\/wp-json\/wp\/v2\/types\/post"}],"author":[{"embeddable":true,"href":"https:\/\/pinews.com.br\/index.php\/wp-json\/wp\/v2\/users\/1"}],"replies":[{"embeddable":true,"href":"https:\/\/pinews.com.br\/index.php\/wp-json\/wp\/v2\/comments?post=20554"}],"version-history":[{"count":0,"href":"https:\/\/pinews.com.br\/index.php\/wp-json\/wp\/v2\/posts\/20554\/revisions"}],"wp:featuredmedia":[{"embeddable":true,"href":"https:\/\/pinews.com.br\/index.php\/wp-json\/"}],"wp:attachment":[{"href":"https:\/\/pinews.com.br\/index.php\/wp-json\/wp\/v2\/media?parent=20554"}],"wp:term":[{"taxonomy":"category","embeddable":true,"href":"https:\/\/pinews.com.br\/index.php\/wp-json\/wp\/v2\/categories?post=20554"},{"taxonomy":"post_tag","embeddable":true,"href":"https:\/\/pinews.com.br\/index.php\/wp-json\/wp\/v2\/tags?post=20554"}],"curies":[{"name":"wp","href":"https:\/\/api.w.org\/{rel}","templated":true}]}}