{"id":20573,"date":"2021-04-01T19:28:12","date_gmt":"2021-04-01T22:28:12","guid":{"rendered":"https:\/\/pinews.com.br\/?p=20573"},"modified":"2021-04-01T19:28:12","modified_gmt":"2021-04-01T22:28:12","slug":"caminhao-desgovernado-provoca-colisao-entre-seis-veiculos-e-quase-invade-loterica-no-piaui","status":"publish","type":"post","link":"https:\/\/pinews.com.br\/index.php\/2021\/04\/01\/caminhao-desgovernado-provoca-colisao-entre-seis-veiculos-e-quase-invade-loterica-no-piaui\/","title":{"rendered":"Caminh\u00e3o desgovernado provoca colis\u00e3o entre seis ve\u00edculos e quase invade lot\u00e9rica no Piau\u00ed"},"content":{"rendered":"\n<p>Um caminh\u00e3o desgovernado invadiu o cruzamento das Avenidas Joaquim Ribeiro e Miguel Rosa com a Rua Coelho de Resende, provocou a colis\u00e3o de seis ve\u00edculos e quase invadiu uma lot\u00e9rica, na regi\u00e3o Centro-Sul de Teresina. O acidente ocorreu por volta das 16h desta quinta-feira (1\u00ba).<\/p>\n\n\n\n<p>O funcion\u00e1rio p\u00fablico Jos\u00e9 das Chagas contou ao&nbsp;<strong>G1<\/strong>&nbsp;que parou o carro para aguardar o sem\u00e1foro. Logo atr\u00e1s veio um caminh\u00e3o e colidiu na traseira do ve\u00edculo modelo Fox, que bateu em uma moto e uma Strada.<\/p>\n\n\n\n<figure class=\"wp-block-image\"><img decoding=\"async\" src=\"https:\/\/s2.glbimg.com\/ZXcv4BqciAQsz6KyyoF83GzE5IU=\/0x0:960x1033\/984x0\/smart\/filters:strip_icc()\/i.s3.glbimg.com\/v1\/AUTH_59edd422c0c84a879bd37670ae4f538a\/internal_photos\/bs\/2021\/Z\/M\/bBcT0dTgS9qiK8SHqzfA\/moto-2.jpg\" alt=\"Caminh\u00e3o quase invadiu lot\u00e9rica em Teresina \u2014 Foto: Francisco Filho\"\/><figcaption>Caminh\u00e3o quase invadiu lot\u00e9rica em Teresina \u2014 Foto: Francisco Filho<\/figcaption><\/figure>\n\n\n\n<p>O caminh\u00e3o seguiu descontrolado e s\u00f3 parou na frente da Lot\u00e9rica, ap\u00f3s atingir mais duas motos e um Fiesta. A roda do caminh\u00e3o ficou presando no pneu da moto e na porta de vidro da lot\u00e9rica.<\/p>\n\n\n\n<p>&#8220;Pelo retrovisor percebi que ele vinha em alta velocidade e n\u00e3o teria como parar. Depois do acidente, o motorista do caminh\u00e3o saiu transtornado. Gra\u00e7as a Deus s\u00f3 tivemos danos materiais, a mulher estava em uma das motos caiu de lado, mas n\u00e3o sofreu nada s\u00e9rio&#8221;, contou Jos\u00e9 das Chargas.<\/p>\n\n\n\n<figure class=\"wp-block-image\"><img decoding=\"async\" src=\"https:\/\/s2.glbimg.com\/lZ8wujWreHLyAchbFXoLydXpx00=\/0x0:960x1004\/984x0\/smart\/filters:strip_icc()\/i.s3.glbimg.com\/v1\/AUTH_59edd422c0c84a879bd37670ae4f538a\/internal_photos\/bs\/2021\/c\/O\/Y6nNpjQAKKM0VX3Rp0Zg\/moto.jpg\" alt=\"Roda de caminh\u00e3o ficou presando no pneu da moto e na porta de vidro da lot\u00e9rica \u2014 Foto: Francisco Filho\"\/><figcaption>Roda de caminh\u00e3o ficou presando no pneu da moto e na porta de vidro da lot\u00e9rica \u2014 Foto: Francisco Filho<\/figcaption><\/figure>\n\n\n\n<p>A Companhia Independente de Policiamento de Tr\u00e2nsito (Ciptran) e a Superintend\u00eancia Municipal de Transportes e Tr\u00e2nsito (Strans) foram acionados para atender a ocorr\u00eancia. Ainda n\u00e3o se sabe o que provocou o descontrole do caminh\u00e3o.<\/p>\n\n\n\n<figure class=\"wp-block-image\"><img decoding=\"async\" src=\"https:\/\/s2.glbimg.com\/A3Piw3oQPQlEwQVLexyXaYeJlDc=\/0x0:1280x960\/984x0\/smart\/filters:strip_icc()\/i.s3.glbimg.com\/v1\/AUTH_59edd422c0c84a879bd37670ae4f538a\/internal_photos\/bs\/2021\/6\/n\/nV4KT9RDOA3ZjGkfdj6w\/carros.jpg\" alt=\"Carros envolvidos em colis\u00e3o na regi\u00e3o Centro-Sul de Teresina \u2014 Foto: Francisco Filho\"\/><figcaption>Carros envolvidos em colis\u00e3o na regi\u00e3o Centro-Sul de Teresina \u2014 Foto: Francisco Filho<\/figcaption><\/figure>\n\n\n\n<p><strong>Fonte: G1 PI<\/strong><\/p>\n","protected":false},"excerpt":{"rendered":"<p>Um caminh\u00e3o desgovernado invadiu o cruzamento das Avenidas Joaquim Ribeiro e Miguel Rosa com a Rua Coelho de Resende, provocou a colis\u00e3o de seis ve\u00edculos e quase invadiu uma lot\u00e9rica, na regi\u00e3o Centro-Sul de Teresina. O acidente ocorreu por volta das 16h desta quinta-feira (1\u00ba). O funcion\u00e1rio p\u00fablico Jos\u00e9 das Chagas contou ao&nbsp;G1&nbsp;que parou o [&hellip;]<\/p>\n","protected":false},"author":1,"featured_media":20574,"comment_status":"open","ping_status":"open","sticky":false,"template":"","format":"standard","meta":{"beyondwords_generate_audio":"","beyondwords_project_id":"","beyondwords_podcast_id":"","beyondwords_hash":"","beyondwords_error_message":"","beyondwords_disabled":"","publish_post_to_speechkit":"","speechkit_generate_audio":"","speechkit_project_id":"","speechkit_podcast_id":"","speechkit_hash":"","speechkit_error_message":"","speechkit_disabled":"","speechkit_access_key":"","speechkit_error":"","speechkit_info":"","speechkit_response":"","speechkit_retries":"","_speechkit_link":"","_speechkit_text":""},"categories":[51,81],"tags":[188,256,430,178,154,5375,52,6566,323,676,550],"jetpack_featured_media_url":"","_links":{"self":[{"href":"https:\/\/pinews.com.br\/index.php\/wp-json\/wp\/v2\/posts\/20573"}],"collection":[{"href":"https:\/\/pinews.com.br\/index.php\/wp-json\/wp\/v2\/posts"}],"about":[{"href":"https:\/\/pinews.com.br\/index.php\/wp-json\/wp\/v2\/types\/post"}],"author":[{"embeddable":true,"href":"https:\/\/pinews.com.br\/index.php\/wp-json\/wp\/v2\/users\/1"}],"replies":[{"embeddable":true,"href":"https:\/\/pinews.com.br\/index.php\/wp-json\/wp\/v2\/comments?post=20573"}],"version-history":[{"count":0,"href":"https:\/\/pinews.com.br\/index.php\/wp-json\/wp\/v2\/posts\/20573\/revisions"}],"wp:featuredmedia":[{"embeddable":true,"href":"https:\/\/pinews.com.br\/index.php\/wp-json\/"}],"wp:attachment":[{"href":"https:\/\/pinews.com.br\/index.php\/wp-json\/wp\/v2\/media?parent=20573"}],"wp:term":[{"taxonomy":"category","embeddable":true,"href":"https:\/\/pinews.com.br\/index.php\/wp-json\/wp\/v2\/categories?post=20573"},{"taxonomy":"post_tag","embeddable":true,"href":"https:\/\/pinews.com.br\/index.php\/wp-json\/wp\/v2\/tags?post=20573"}],"curies":[{"name":"wp","href":"https:\/\/api.w.org\/{rel}","templated":true}]}}