{"id":20596,"date":"2021-04-02T18:58:57","date_gmt":"2021-04-02T21:58:57","guid":{"rendered":"https:\/\/pinews.com.br\/?p=20596"},"modified":"2021-04-02T18:58:57","modified_gmt":"2021-04-02T21:58:57","slug":"simoes-e-mais-duas-cidades-do-piaui-estao-ha-24-horas-sem-agua-por-falta-de-energia","status":"publish","type":"post","link":"https:\/\/pinews.com.br\/index.php\/2021\/04\/02\/simoes-e-mais-duas-cidades-do-piaui-estao-ha-24-horas-sem-agua-por-falta-de-energia\/","title":{"rendered":"Sim\u00f5es e mais duas cidades do Piau\u00ed est\u00e3o h\u00e1 24 horas sem \u00e1gua por falta de energia"},"content":{"rendered":"\n<p>As cidades de Curral Novo do Piau\u00ed, Caridade do Piau\u00ed e Sim\u00f5es est\u00e3o h\u00e1 24 horas sem abastecimento de \u00e1gua devido \u00e0 falta de energia. O comunicado foi feito pela Agespisa na tarde desta sexta-feira (2).<\/p>\n\n\n\n<p>De acordo com a Agespisa, desde as 16h de quinta-feira (1\u00ba), parte do sistema po\u00e7o de Marru\u00e1 est\u00e1 paralisado em raz\u00e3o de falta de energia el\u00e9trica. Por conta disso, o abastecimento de \u00e1gua est\u00e1 suspenso nas cidades de Curral Novo do PI, Caridade do Piau\u00ed (incluindo Povoado Ingazeira).<\/p>\n\n\n\n<p>O desabastecimento em Sim\u00f5es ocorreu tamb\u00e9m devido \u00e0 falta de energia el\u00e9trica no sistema Salgadinha.<\/p>\n\n\n\n<p>&#8220;A Equatorial Energia foi comunicada da situa\u00e7\u00e3o e a Agespisa aguarda que o servi\u00e7o seja restabelecido para retomar a distribui\u00e7\u00e3o de \u00e1gua para os moradores&#8221;, informou a empresa.<\/p>\n\n\n\n<p>O <strong>G1 <\/strong>entrou em contato com a Equatorial Piau\u00ed, mas n\u00e3o teve retorno sobre o que teria ocasionado a falta de energia nos munic\u00edpios e a previs\u00e3o para retorno do servi\u00e7o.<\/p>\n\n\n\n<p><strong>Fonte: G1 PI<\/strong><\/p>\n","protected":false},"excerpt":{"rendered":"<p>As cidades de Curral Novo do Piau\u00ed, Caridade do Piau\u00ed e Sim\u00f5es est\u00e3o h\u00e1 24 horas sem abastecimento de \u00e1gua devido \u00e0 falta de energia. O comunicado foi feito pela Agespisa na tarde desta sexta-feira (2). De acordo com a Agespisa, desde as 16h de quinta-feira (1\u00ba), parte do sistema po\u00e7o de Marru\u00e1 est\u00e1 paralisado [&hellip;]<\/p>\n","protected":false},"author":1,"featured_media":20597,"comment_status":"open","ping_status":"open","sticky":false,"template":"","format":"standard","meta":{"beyondwords_generate_audio":"","beyondwords_project_id":"","beyondwords_podcast_id":"","beyondwords_hash":"","beyondwords_error_message":"","beyondwords_disabled":"","publish_post_to_speechkit":"","speechkit_generate_audio":"","speechkit_project_id":"","speechkit_podcast_id":"","speechkit_hash":"","speechkit_error_message":"","speechkit_disabled":"","speechkit_access_key":"","speechkit_error":"","speechkit_info":"","speechkit_response":"","speechkit_retries":"","_speechkit_link":"","_speechkit_text":""},"categories":[124,51,483],"tags":[671,1451,809,44,260,1976,5609,5682,603,5344,76,52,59,975,484],"jetpack_featured_media_url":"","_links":{"self":[{"href":"https:\/\/pinews.com.br\/index.php\/wp-json\/wp\/v2\/posts\/20596"}],"collection":[{"href":"https:\/\/pinews.com.br\/index.php\/wp-json\/wp\/v2\/posts"}],"about":[{"href":"https:\/\/pinews.com.br\/index.php\/wp-json\/wp\/v2\/types\/post"}],"author":[{"embeddable":true,"href":"https:\/\/pinews.com.br\/index.php\/wp-json\/wp\/v2\/users\/1"}],"replies":[{"embeddable":true,"href":"https:\/\/pinews.com.br\/index.php\/wp-json\/wp\/v2\/comments?post=20596"}],"version-history":[{"count":0,"href":"https:\/\/pinews.com.br\/index.php\/wp-json\/wp\/v2\/posts\/20596\/revisions"}],"wp:featuredmedia":[{"embeddable":true,"href":"https:\/\/pinews.com.br\/index.php\/wp-json\/"}],"wp:attachment":[{"href":"https:\/\/pinews.com.br\/index.php\/wp-json\/wp\/v2\/media?parent=20596"}],"wp:term":[{"taxonomy":"category","embeddable":true,"href":"https:\/\/pinews.com.br\/index.php\/wp-json\/wp\/v2\/categories?post=20596"},{"taxonomy":"post_tag","embeddable":true,"href":"https:\/\/pinews.com.br\/index.php\/wp-json\/wp\/v2\/tags?post=20596"}],"curies":[{"name":"wp","href":"https:\/\/api.w.org\/{rel}","templated":true}]}}