{"id":20613,"date":"2021-04-03T19:01:23","date_gmt":"2021-04-03T22:01:23","guid":{"rendered":"https:\/\/pinews.com.br\/?p=20613"},"modified":"2021-04-03T19:01:23","modified_gmt":"2021-04-03T22:01:23","slug":"presos-morreram-por-ma-alimentacao-em-cadeia-no-piaui-aponta-relatorio-do-ministerio-da-saude","status":"publish","type":"post","link":"https:\/\/pinews.com.br\/index.php\/2021\/04\/03\/presos-morreram-por-ma-alimentacao-em-cadeia-no-piaui-aponta-relatorio-do-ministerio-da-saude\/","title":{"rendered":"Presos morreram por m\u00e1 alimenta\u00e7\u00e3o em cadeia no Piau\u00ed, aponta relat\u00f3rio do Minist\u00e9rio da Sa\u00fade"},"content":{"rendered":"\n<p>Os seis presos que morreram no ano passado na Cadeia P\u00fablica de Altos (CPA), no Norte do Piau\u00ed, tiveram um surto de berib\u00e9ri, doen\u00e7a causada pela falta de vitamina B1 e relacionada a uma alimenta\u00e7\u00e3o inadequada e pobre em nutrientes. O caso foi revelado nessa sexta-feira (2) pelo <strong>El Pa\u00eds,<\/strong> que teve acesso ao relat\u00f3rio t\u00e9cnico do Minist\u00e9rio da Sa\u00fade.<\/p>\n\n\n\n<p>De acordo com o <strong>El Pa\u00eds<\/strong>, o documento apontou que 199 dos 656 presos na CPA foram atendidos no servi\u00e7o de sa\u00fade com sintomas e 56 foram internados. Na \u00e9poca, a Secretaria de Justi\u00e7a informou ao <strong>G1<\/strong> que se tratava de uma<strong> infec\u00e7\u00e3o n\u00e3o identificada<\/strong> e afastou o diretor da Cadeia P\u00fablica de Altos, Ant\u00f4nio Vinicius da Silva, ap\u00f3s as mortes dos presos.<\/p>\n\n\n\n<p>Entre maio e junho de 2020, centenas de detentos foram internados ap\u00f3s apresentaram sintomas como v\u00f4mitos, dor abdominal, n\u00e1useas, febre, dorm\u00eancia, edema, fraqueza, dor de cabe\u00e7a e insufici\u00eancia renal. A Secretaria de Estado da Sa\u00fade (Sesapi) chegou a test\u00e1-los para Covid-19, por medida de seguran\u00e7a, mas os resultados foram negativos.<\/p>\n\n\n\n<figure class=\"wp-block-image\"><img decoding=\"async\" src=\"https:\/\/s2.glbimg.com\/IIWbqQBV6qYpHXzgohsyUzgsu6k=\/0x0:1032x581\/984x0\/smart\/filters:strip_icc()\/i.s3.glbimg.com\/v1\/AUTH_59edd422c0c84a879bd37670ae4f538a\/internal_photos\/bs\/2020\/z\/G\/LAcWRlQJebVaAr2HiFYg\/whatsapp-image-2020-06-03-at-12.00.53-1-.jpeg\" alt=\"Detentos recebendo alta hospitalar em Teresina \u2014 Foto: HGV\"\/><figcaption>Detentos recebendo alta hospitalar em Teresina \u2014 Foto: HGV<\/figcaption><\/figure>\n\n\n\n<p>Um relat\u00f3rio preliminar da Secretaria de Estado de Sa\u00fade (Sesapi) apontou como suspeita que os presos foram contaminados pela \u00e1gua da unidade prisional, que recebeu uma limpeza no sistema hidr\u00e1ulico. O quadro cl\u00ednico de alguns dos detentos indicou leptospirose, mas os exames descartaram a doen\u00e7a. J\u00e1 uma investiga\u00e7\u00e3o do Minist\u00e9rio P\u00fablico do Piau\u00ed concluiu que os presos foram v\u00edtimas de envenenamento, causado por uma dedetiza\u00e7\u00e3o realizada sem os cuidados necess\u00e1rios, no in\u00edcio de maio.<\/p>\n\n\n\n<p>Segundo o&nbsp;<strong>El Pa\u00eds<\/strong>, a investiga\u00e7\u00e3o do Minist\u00e9rio da Sa\u00fade avaliou os casos atendidos, as celas, as rotinas dos presos, card\u00e1pios di\u00e1rios e faturas de compras de comida. O \u00f3rg\u00e3o concluiu que &#8220;a alimenta\u00e7\u00e3o dos detentos apresentava caracter\u00edsticas de monotonia alimentar, com presen\u00e7a predominante de carboidratos simples, em especial o arroz branco&#8221;.<\/p>\n\n\n\n<p>O card\u00e1pio do almo\u00e7o e do jantar continha arroz e frango. No caf\u00e9 da manh\u00e3, cuscuz e bolacha. Al\u00e9m disso, o intervalo entre o jantar e o caf\u00e9 da manh\u00e3 era de 15 horas, considerado um per\u00edodo muito longo de jejum.<\/p>\n\n\n\n<p>\u201cConcluiu-se que a hipovitaminose causada pela monotonia alimentar\/dieta pobre em vitaminas, especialmente a B1, \u00e9 a etiologia prov\u00e1vel do surto\u201d, afirmou o documento.<\/p>\n\n\n\n<p>Devido \u00e0 pandemia da Covid-19, a entrega quinzenal de alimentos por parte das fam\u00edlias foi suspensa, o que segundo o relat\u00f3rio, &#8220;pode ter agravado o quadro de hipovitaminose a que os detentos se encontravam expostos&#8221;. Para o Minist\u00e9rio da Sa\u00fade, o h\u00e1bito &#8220;representava uma fonte importante de acesso a frutas pelos detentos&#8221;.<\/p>\n\n\n\n<p>Ao&nbsp;<strong>G1<\/strong>, a Secretaria de Justi\u00e7a do Piau\u00ed (Sejus) informou que houve um refor\u00e7o vitam\u00ednico e alimentar atrav\u00e9s de varia\u00e7\u00f5es de card\u00e1pio, conforme instru\u00e7\u00f5es da equipe do Minist\u00e9rio da Sa\u00fade que esteve presente no local. (<em>Confira a nota na \u00edntegra no fim da reportagem<\/em>).<\/p>\n\n\n\n<h2>Protesto de familiares<\/h2>\n\n\n\n<figure class=\"wp-block-image\"><img decoding=\"async\" src=\"https:\/\/s2.glbimg.com\/DtdbtDmSF0GpIWVOWWUe87VJ1O4=\/0x0:1280x960\/984x0\/smart\/filters:strip_icc()\/i.s3.glbimg.com\/v1\/AUTH_59edd422c0c84a879bd37670ae4f538a\/internal_photos\/bs\/2020\/2\/k\/thO2bkSXmB2uPPXCuBJg\/whatsapp-image-2020-05-25-at-09.56.57.jpeg\" alt=\"Familiares de presos da Cadeia P\u00fablica de Altos fazem protesto diante do Tribunal de Justi\u00e7a, em Teresina (PI) \u2014 Foto: Murilo Lucena\/ TV Clube\"\/><figcaption>Familiares de presos da Cadeia P\u00fablica de Altos fazem protesto diante do Tribunal de Justi\u00e7a, em Teresina (PI) \u2014 Foto: Murilo Lucena\/ TV Clube<\/figcaption><\/figure>\n\n\n\n<p>Familiares de presos da Cadeia P\u00fablica de Altos realizaram protestos no Centro de Teresina e em frente ao pr\u00e9dio do Tribunal de Justi\u00e7a do Piau\u00ed (TJ-PI). Os manifestantes pediram mais esclarecimentos sobre as mortes e a situa\u00e7\u00e3o dos presos com infec\u00e7\u00e3o.<\/p>\n\n\n\n<p>Os manifestantes exibiram cartazes pedindo pela interdi\u00e7\u00e3o da cadeia e pela ajuda de ju\u00edzes e promotores.<\/p>\n\n\n\n<p>A Defensoria P\u00fablica do Estado (DPE) solicitou na \u00e9poca um Habeas Corpus Coletivo, pedindo, em favor de todos os presos da unidade, que pris\u00f5es cautelares e\/ou definitivas sejam substitu\u00eddas por pris\u00e3o domiciliar, cumulada com monitoramento eletr\u00f4nico ou outras medidas cautelares. O pedido n\u00e3o foi atendido pelo Tribunal de Justi\u00e7a, que determinou uma vistoria na Cadeia P\u00fablica de Altos e a transfer\u00eancia de presos.<\/p>\n\n\n\n<h2>Nota na \u00edntegra da Secretaria de Justi\u00e7a:<\/h2>\n\n\n\n<p><em>Acerca do incidente ocorrido em maio de 2020, na Cadeia P\u00fablica de Altos, a Secretaria de Estado da Justi\u00e7a do Piau\u00ed esclarece que, desde o in\u00edcio do ocorrido, prestou todos os atendimentos e assist\u00eancia aos internos que sentiram os sintomas. Em parceria com a Secretaria de Estado da Sa\u00fade do Piau\u00ed, uma enfermaria foi instalada na pr\u00f3pria unidade prisional, a fim de dar um maior suporte aos detentos, evitando o translado de internos aos hospitais da rede p\u00fablica de sa\u00fade. Al\u00e9m disso, foram feitas limpezas na tubula\u00e7\u00e3o e reservat\u00f3rios de \u00e1gua do pres\u00eddio, com o intuito de cessar a hip\u00f3tese de intoxica\u00e7\u00e3o pela \u00e1gua. Enquanto os reservat\u00f3rios de \u00e1gua passavam por limpeza, os detentos receberam \u00e1gua mineral. Tamb\u00e9m houve um refor\u00e7o vitam\u00ednico e alimentar atrav\u00e9s de varia\u00e7\u00f5es de card\u00e1pio, conforme instru\u00e7\u00f5es da equipe do Minist\u00e9rio da Sa\u00fade que esteve presente no local. A Sejus reitera, ainda que, tem mantida a aten\u00e7\u00e3o redobrada na sa\u00fade de todo o sistema prisional, diante da pandemia por Covid-19.<\/em><\/p>\n\n\n\n<p><strong>Fonte: G1 PI<\/strong><\/p>\n","protected":false},"excerpt":{"rendered":"<p>Os seis presos que morreram no ano passado na Cadeia P\u00fablica de Altos (CPA), no Norte do Piau\u00ed, tiveram um surto de berib\u00e9ri, doen\u00e7a causada pela falta de vitamina B1 e relacionada a uma alimenta\u00e7\u00e3o inadequada e pobre em nutrientes. O caso foi revelado nessa sexta-feira (2) pelo El Pa\u00eds, que teve acesso ao relat\u00f3rio [&hellip;]<\/p>\n","protected":false},"author":1,"featured_media":20614,"comment_status":"open","ping_status":"open","sticky":false,"template":"","format":"standard","meta":{"beyondwords_generate_audio":"","beyondwords_project_id":"","beyondwords_podcast_id":"","beyondwords_hash":"","beyondwords_error_message":"","beyondwords_disabled":"","publish_post_to_speechkit":"","speechkit_generate_audio":"","speechkit_project_id":"","speechkit_podcast_id":"","speechkit_hash":"","speechkit_error_message":"","speechkit_disabled":"","speechkit_access_key":"","speechkit_error":"","speechkit_info":"","speechkit_response":"","speechkit_retries":"","_speechkit_link":"","_speechkit_text":""},"categories":[51,78],"tags":[5365,6097,7969,122,46,464,2649,5401,52,59,600,7970,891],"jetpack_featured_media_url":"","_links":{"self":[{"href":"https:\/\/pinews.com.br\/index.php\/wp-json\/wp\/v2\/posts\/20613"}],"collection":[{"href":"https:\/\/pinews.com.br\/index.php\/wp-json\/wp\/v2\/posts"}],"about":[{"href":"https:\/\/pinews.com.br\/index.php\/wp-json\/wp\/v2\/types\/post"}],"author":[{"embeddable":true,"href":"https:\/\/pinews.com.br\/index.php\/wp-json\/wp\/v2\/users\/1"}],"replies":[{"embeddable":true,"href":"https:\/\/pinews.com.br\/index.php\/wp-json\/wp\/v2\/comments?post=20613"}],"version-history":[{"count":0,"href":"https:\/\/pinews.com.br\/index.php\/wp-json\/wp\/v2\/posts\/20613\/revisions"}],"wp:featuredmedia":[{"embeddable":true,"href":"https:\/\/pinews.com.br\/index.php\/wp-json\/"}],"wp:attachment":[{"href":"https:\/\/pinews.com.br\/index.php\/wp-json\/wp\/v2\/media?parent=20613"}],"wp:term":[{"taxonomy":"category","embeddable":true,"href":"https:\/\/pinews.com.br\/index.php\/wp-json\/wp\/v2\/categories?post=20613"},{"taxonomy":"post_tag","embeddable":true,"href":"https:\/\/pinews.com.br\/index.php\/wp-json\/wp\/v2\/tags?post=20613"}],"curies":[{"name":"wp","href":"https:\/\/api.w.org\/{rel}","templated":true}]}}