{"id":20680,"date":"2021-04-06T11:00:58","date_gmt":"2021-04-06T14:00:58","guid":{"rendered":"https:\/\/pinews.com.br\/?p=20680"},"modified":"2021-04-06T11:00:58","modified_gmt":"2021-04-06T14:00:58","slug":"teresina-amanhece-com-forte-neblina-madrugada-atingiu-23oc","status":"publish","type":"post","link":"https:\/\/pinews.com.br\/index.php\/2021\/04\/06\/teresina-amanhece-com-forte-neblina-madrugada-atingiu-23oc\/","title":{"rendered":"Teresina amanhece com forte neblina; madrugada atingiu 23\u00baC"},"content":{"rendered":"\n<p>Uma forte neblina atingiu a Capital do Piau\u00ed nas primeiras horas desta ter\u00e7a-feira (05) e motoristas tiveram que dirigir com os far\u00f3is ligados no in\u00edcio da manh\u00e3. O fen\u00f4meno \u00e9 considerado at\u00edpico em Teresina que registra, geralmente, altas temperaturas.<\/p>\n\n\n\n<p>A neblina ou nevoeiro \u00e9 formado pela suspens\u00e3o de min\u00fasculas got\u00edculas de \u00e1gua em uma camada de ar pr\u00f3xima ao ch\u00e3o. O fen\u00f4meno atmosf\u00e9rico \u00e9 comum em lugares frios, \u00famidos, com temperaturas amenas ou em altas altitudes.<\/p>\n\n\n\n<p>Durante a madrugada, Teresina registrou temperatura de 23\u00ba C. A m\u00e1xima prevista \u00e9 de 34\u00ba C com possibilidade de chuva no fim da tarde. A umidade relativa do ar est\u00e1 em m\u00e9dia em 79%.&nbsp;<\/p>\n\n\n\n<figure class=\"wp-block-image\"><img decoding=\"async\" src=\"https:\/\/cidadeverde.com\/assets\/uploads\/noticias\/6705aeb6dc453ff374aa5a7807184ba4.jpg\" alt=\"\"\/><figcaption><em>Foto: P\u00e9ricles Mendel<\/em><\/figcaption><\/figure>\n\n\n\n<figure class=\"wp-block-embed-youtube wp-block-embed is-type-video is-provider-youtube wp-embed-aspect-16-9 wp-has-aspect-ratio\"><div class=\"wp-block-embed__wrapper\">\n<iframe loading=\"lazy\" title=\"Neblina se forma em \u00e1reas de Teresina pela manh\u00e3\" width=\"1170\" height=\"658\" src=\"https:\/\/www.youtube.com\/embed\/CjSRZC4clxg?feature=oembed\" frameborder=\"0\" allow=\"accelerometer; autoplay; clipboard-write; encrypted-media; gyroscope; picture-in-picture; web-share\" allowfullscreen><\/iframe>\n<\/div><\/figure>\n\n\n\n<figure class=\"wp-block-embed-youtube wp-block-embed is-type-video is-provider-youtube wp-embed-aspect-16-9 wp-has-aspect-ratio\"><div class=\"wp-block-embed__wrapper\">\n<iframe loading=\"lazy\" title=\"Neblina surpreende teresinense nesta terc\u0327a feira\" width=\"1170\" height=\"658\" src=\"https:\/\/www.youtube.com\/embed\/rk2lQKUz2mQ?feature=oembed\" frameborder=\"0\" allow=\"accelerometer; autoplay; clipboard-write; encrypted-media; gyroscope; picture-in-picture; web-share\" allowfullscreen><\/iframe>\n<\/div><\/figure>\n\n\n\n<p><strong>Fonte: Cidade Verde\/ Com informa\u00e7\u00f5es Not\u00edcia da Manh\u00e3<\/strong><\/p>\n","protected":false},"excerpt":{"rendered":"<p>Uma forte neblina atingiu a Capital do Piau\u00ed nas primeiras horas desta ter\u00e7a-feira (05) e motoristas tiveram que dirigir com os far\u00f3is ligados no in\u00edcio da manh\u00e3. O fen\u00f4meno \u00e9 considerado at\u00edpico em Teresina que registra, geralmente, altas temperaturas. A neblina ou nevoeiro \u00e9 formado pela suspens\u00e3o de min\u00fasculas got\u00edculas de \u00e1gua em uma camada [&hellip;]<\/p>\n","protected":false},"author":1,"featured_media":20681,"comment_status":"open","ping_status":"open","sticky":false,"template":"","format":"standard","meta":{"beyondwords_generate_audio":"","beyondwords_project_id":"","beyondwords_podcast_id":"","beyondwords_hash":"","beyondwords_error_message":"","beyondwords_disabled":"","publish_post_to_speechkit":"","speechkit_generate_audio":"","speechkit_project_id":"","speechkit_podcast_id":"","speechkit_hash":"","speechkit_error_message":"","speechkit_disabled":"","speechkit_access_key":"","speechkit_error":"","speechkit_info":"","speechkit_response":"","speechkit_retries":"","_speechkit_link":"","_speechkit_text":""},"categories":[51,81],"tags":[7981,7982,7983,571,6261,7984,187],"jetpack_featured_media_url":"","_links":{"self":[{"href":"https:\/\/pinews.com.br\/index.php\/wp-json\/wp\/v2\/posts\/20680"}],"collection":[{"href":"https:\/\/pinews.com.br\/index.php\/wp-json\/wp\/v2\/posts"}],"about":[{"href":"https:\/\/pinews.com.br\/index.php\/wp-json\/wp\/v2\/types\/post"}],"author":[{"embeddable":true,"href":"https:\/\/pinews.com.br\/index.php\/wp-json\/wp\/v2\/users\/1"}],"replies":[{"embeddable":true,"href":"https:\/\/pinews.com.br\/index.php\/wp-json\/wp\/v2\/comments?post=20680"}],"version-history":[{"count":0,"href":"https:\/\/pinews.com.br\/index.php\/wp-json\/wp\/v2\/posts\/20680\/revisions"}],"wp:featuredmedia":[{"embeddable":true,"href":"https:\/\/pinews.com.br\/index.php\/wp-json\/"}],"wp:attachment":[{"href":"https:\/\/pinews.com.br\/index.php\/wp-json\/wp\/v2\/media?parent=20680"}],"wp:term":[{"taxonomy":"category","embeddable":true,"href":"https:\/\/pinews.com.br\/index.php\/wp-json\/wp\/v2\/categories?post=20680"},{"taxonomy":"post_tag","embeddable":true,"href":"https:\/\/pinews.com.br\/index.php\/wp-json\/wp\/v2\/tags?post=20680"}],"curies":[{"name":"wp","href":"https:\/\/api.w.org\/{rel}","templated":true}]}}