{"id":20687,"date":"2021-04-06T11:09:43","date_gmt":"2021-04-06T14:09:43","guid":{"rendered":"https:\/\/pinews.com.br\/?p=20687"},"modified":"2021-04-06T11:09:43","modified_gmt":"2021-04-06T14:09:43","slug":"site-para-cadastro-do-auxilio-emergencial-do-piaui-e-liberado-6-mil-devem-ser-beneficiados","status":"publish","type":"post","link":"https:\/\/pinews.com.br\/index.php\/2021\/04\/06\/site-para-cadastro-do-auxilio-emergencial-do-piaui-e-liberado-6-mil-devem-ser-beneficiados\/","title":{"rendered":"Site para cadastro do aux\u00edlio emergencial do Piau\u00ed \u00e9 liberado; 6 mil devem ser beneficiados"},"content":{"rendered":"\n<p>J\u00e1 est\u00e1 dispon\u00edvel o&nbsp;<a href=\"https:\/\/www.piauiauxilio.com\/\" target=\"_blank\" rel=\"noreferrer noopener\">site \u201cPiau\u00ed Aux\u00edlio\u201d,<\/a>&nbsp;do Governo do Piau\u00ed, para o cadastro de trabalhadores e empresas dos setores de bares, restaurantes e estabelecimentos de eventos, seguindo os requisitos aprovados em Lei Estadual.<\/p>\n\n\n\n<p>As inscri\u00e7\u00f5es iniciam nesta ter\u00e7a-feira (06) e seguem at\u00e9 o dia 15 de abril. O endere\u00e7o eletr\u00f4nico \u00e9&nbsp;<a href=\"https:\/\/www.piauiauxilio.com\/\" target=\"_blank\" rel=\"noreferrer noopener\">www.piauiauxilio.com<\/a>.&nbsp; O Governo trabalha com a expectativa de pagar 6 mil aux\u00edlios e&nbsp;amenizar os efeitos negativos da pandemia Covid-19 na economia.<\/p>\n\n\n\n<p>Ap\u00f3s aprova\u00e7\u00e3o do cadastro, a Secretaria Estadual do Desenvolvimento Econ\u00f4mico (SDE) ir\u00e1 divulgar, no pr\u00f3prio site, a rela\u00e7\u00e3o dos benefici\u00e1rios desse aux\u00edlio. O secret\u00e1rio do Desenvolvimento Econ\u00f4mico, Igor Neri, ressalta que os pagamentos ir\u00e3o iniciar neste m\u00eas.&nbsp;<\/p>\n\n\n\n<p>\u201cA ideia \u00e9 nesse m\u00eas de abril j\u00e1 pagarmos a parcela \u00fanica das empresas e a primeira parcela dos trabalhadores que est\u00e3o desempregados. A nossa ideia \u00e9 atender uma m\u00e9dia de 6 mil aux\u00edlios entre empresas e pessoas desempregadas\u201d.<\/p>\n\n\n\n<p><strong>Editais e cadastro&nbsp;<\/strong><\/p>\n\n\n\n<p>O secret\u00e1rio explica que est\u00e3o dispon\u00edveis dois editais. \u201cO Edital 1 \u00e9 para Pessoa F\u00edsica que ficou desempregada nos \u00faltimos nove meses. A pessoa precisa ter um emprego formal, ter emprego de carteira assinada, e n\u00e3o pode estar recebendo nenhum tipo de benef\u00edcio, seja ele seguro desemprego ou qualquer outro tipo de aux\u00edlio previdenci\u00e1rio\u201d.<\/p>\n\n\n\n<p>Para o edital de Pessoa F\u00edsica, o interessado deve acessar ao site, preencher o formul\u00e1rio, anexar a documenta\u00e7\u00e3o necess\u00e1ria. \u201cAp\u00f3s a an\u00e1lise e a aprova\u00e7\u00e3o, ele receber\u00e1 esse aux\u00edlio dividido em duas parcelas de R$ 500\u201d, explica o secret\u00e1rio.<\/p>\n\n\n\n<p>No Edital 2, explica o secret\u00e1rio, \u00e9 para Pessoa Jur\u00eddica com CNPJ (Cadastro Nacional de Pessoas Jur\u00eddicas) nos tr\u00eas segmentos espec\u00edficos: bares, restaurantes e estabelecimentos de eventos. Esse CNPJ precisa estar ativo e ser do Simples Nacional. O interessado nesse edital far\u00e1 o cadastro, tamb\u00e9m anexar\u00e1 a documenta\u00e7\u00e3o necess\u00e1ria e ap\u00f3s an\u00e1lise receber\u00e1 o aux\u00edlio em cota \u00fanica no valor de R$ 1 mil.&nbsp;<\/p>\n\n\n\n<p>No momento do cadastro, os interessados devem registrar no site uma conta banc\u00e1ria para receber o aux\u00edlio. A pessoa receber\u00e1 o pagamento na conta cadastrada.&nbsp;<br><br><br><strong>Requisitos para Pessoas F\u00edsicas:<\/strong><\/p>\n\n\n\n<ul><li>Ter tido contrato de trabalho rescindido com empresa dos setores acima (CNAEs espec\u00edficos) nos \u00faltimos 09 (nove) meses anteriores \u00e0 publica\u00e7\u00e3o do Aux\u00edlio Estadual mediante comprova\u00e7\u00e3o por Carteira de Trabalho e Previd\u00eancia Social \u2013 CTPS;<\/li><li>N\u00e3o ter emprego formal ativo, com registro de contrato vigente em Carteira de Trabalho e Previd\u00eancia Social &#8211; CTPS;<\/li><li>N\u00e3o ser titular de benef\u00edcio previdenci\u00e1rio ou assistencial ou serem benefici\u00e1rios do seguro- desemprego ou de programa de transfer\u00eancia de renda federal, ressalvado o Programa Bolsa Fam\u00edlia;<\/li><li>Inserir os dados banc\u00e1rios corretamente do mesmo titular do solicitante para o recebimento do aux\u00edlio.<\/li><\/ul>\n\n\n\n<p><br><strong>Requisitos para Empresas:<\/strong><\/p>\n\n\n\n<ul><li>Cart\u00e3o do CNPJ ativo<\/li><li>Declara\u00e7\u00e3o emitida pelo portal do microempreendedor (para as empresas MEI)<\/li><li>Ter como CNAE principal (pelo menos 1 dentre os listados abaixo):<\/li><li>5611-2\/01 &#8211; Restaurantes e similares<\/li><li>5620-1\/02 &#8211; Servi\u00e7os de alimenta\u00e7\u00e3o para eventos e recep\u00e7\u00f5es &#8211; buf\u00ea<\/li><li>5611-2\/04 &#8211; Bares e outros estabelecimentos especializados em servir bebidas, sem entretenimento<\/li><li>5611-2\/05 &#8211; Bares e outros estabelecimentos especializados em servir bebidas, com entretenimento<\/li><li>8230-0\/01 &#8211; Servi\u00e7os de organiza\u00e7\u00e3o de feiras, congressos, exposi\u00e7\u00f5es e festas<\/li><li>8230-0\/02 &#8211; Casas de festas e eventos<\/li><li>Empresa dever\u00e1 comprovar movimenta\u00e7\u00e3o econ\u00f4mica por meio de nota fiscal de compra registrada no per\u00edodo de 07\/2020 a 02\/2021, caso seja MEI e esteja Ativa no Cadastro da SEFAZ<\/li><li>Empresas ME ou EPP devem ter efetuado venda com nota fiscal eletr\u00f4nica registrada no per\u00edodo de julho de 2020 a fevereiro de 2021.<\/li><li>Todas as empresas participantes desse auxilio s\u00e3o obrigadas a serem optantes do SIMPLES NACIONAL.<\/li><li>Inserir os dados banc\u00e1rios corretamente do mesmo titular do solicitante para o recebimento do aux\u00edlio.<\/li><\/ul>\n\n\n\n<p><br><br><strong>Fonte: Carlienne Carpaso\/ Cidade Verde<\/strong><\/p>\n","protected":false},"excerpt":{"rendered":"<p>J\u00e1 est\u00e1 dispon\u00edvel o&nbsp;site \u201cPiau\u00ed Aux\u00edlio\u201d,&nbsp;do Governo do Piau\u00ed, para o cadastro de trabalhadores e empresas dos setores de bares, restaurantes e estabelecimentos de eventos, seguindo os requisitos aprovados em Lei Estadual. As inscri\u00e7\u00f5es iniciam nesta ter\u00e7a-feira (06) e seguem at\u00e9 o dia 15 de abril. O endere\u00e7o eletr\u00f4nico \u00e9&nbsp;www.piauiauxilio.com.&nbsp; O Governo trabalha com a [&hellip;]<\/p>\n","protected":false},"author":1,"featured_media":20688,"comment_status":"open","ping_status":"open","sticky":false,"template":"","format":"standard","meta":{"beyondwords_generate_audio":"","beyondwords_project_id":"","beyondwords_podcast_id":"","beyondwords_hash":"","beyondwords_error_message":"","beyondwords_disabled":"","publish_post_to_speechkit":"","speechkit_generate_audio":"","speechkit_project_id":"","speechkit_podcast_id":"","speechkit_hash":"","speechkit_error_message":"","speechkit_disabled":"","speechkit_access_key":"","speechkit_error":"","speechkit_info":"","speechkit_response":"","speechkit_retries":"","_speechkit_link":"","_speechkit_text":""},"categories":[516,51],"tags":[2647,7986,2430,5614,72,3444,5855,109,350,52,139,2393],"jetpack_featured_media_url":"","_links":{"self":[{"href":"https:\/\/pinews.com.br\/index.php\/wp-json\/wp\/v2\/posts\/20687"}],"collection":[{"href":"https:\/\/pinews.com.br\/index.php\/wp-json\/wp\/v2\/posts"}],"about":[{"href":"https:\/\/pinews.com.br\/index.php\/wp-json\/wp\/v2\/types\/post"}],"author":[{"embeddable":true,"href":"https:\/\/pinews.com.br\/index.php\/wp-json\/wp\/v2\/users\/1"}],"replies":[{"embeddable":true,"href":"https:\/\/pinews.com.br\/index.php\/wp-json\/wp\/v2\/comments?post=20687"}],"version-history":[{"count":0,"href":"https:\/\/pinews.com.br\/index.php\/wp-json\/wp\/v2\/posts\/20687\/revisions"}],"wp:featuredmedia":[{"embeddable":true,"href":"https:\/\/pinews.com.br\/index.php\/wp-json\/"}],"wp:attachment":[{"href":"https:\/\/pinews.com.br\/index.php\/wp-json\/wp\/v2\/media?parent=20687"}],"wp:term":[{"taxonomy":"category","embeddable":true,"href":"https:\/\/pinews.com.br\/index.php\/wp-json\/wp\/v2\/categories?post=20687"},{"taxonomy":"post_tag","embeddable":true,"href":"https:\/\/pinews.com.br\/index.php\/wp-json\/wp\/v2\/tags?post=20687"}],"curies":[{"name":"wp","href":"https:\/\/api.w.org\/{rel}","templated":true}]}}