{"id":20713,"date":"2021-04-06T19:34:55","date_gmt":"2021-04-06T22:34:55","guid":{"rendered":"https:\/\/pinews.com.br\/?p=20713"},"modified":"2021-04-06T19:34:55","modified_gmt":"2021-04-06T22:34:55","slug":"ex-prefeito-de-teresina-firmino-filho-morre-aos-57-anos-apos-cair-de-predio","status":"publish","type":"post","link":"https:\/\/pinews.com.br\/index.php\/2021\/04\/06\/ex-prefeito-de-teresina-firmino-filho-morre-aos-57-anos-apos-cair-de-predio\/","title":{"rendered":"Ex-prefeito de Teresina, Firmino Filho morre aos 57 anos ap\u00f3s cair de pr\u00e9dio"},"content":{"rendered":"\n<p>Prefeito de Teresina por quatro mandatos, Firmino Filho morreu nesta ter\u00e7a-feira (6) aos 57 anos. Seu corpo foi encontrado na entrada do pr\u00e9dio do Tribunal de Contas da Uni\u00e3o (TCU), na Zona Leste da capital, onde o ex-prefeito era servidor de carreira. Seu \u00faltimo mandato terminou em 2020.<\/p>\n\n\n\n<p>Segundo a assessoria de Firmino, ele teria ca\u00eddo de um edif\u00edcio. A informa\u00e7\u00e3o ainda n\u00e3o foi confirmada pela pol\u00edcia, que investiga se a causa da morte foi suic\u00eddio.<\/p>\n\n\n\n<figure class=\"wp-block-image\"><img decoding=\"async\" src=\"https:\/\/s2.glbimg.com\/6KxovjgM11nLbcMQwwDv_pzpja4=\/0x0:1280x958\/984x0\/smart\/filters:strip_icc()\/i.s3.glbimg.com\/v1\/AUTH_59edd422c0c84a879bd37670ae4f538a\/internal_photos\/bs\/2021\/Z\/8\/n4aewXQcW2UhWNE0f20g\/morte-firmino.jpg\" alt=\"Corpo de Firmino Filho foi encontrado no pr\u00e9dio onde funciona o Tribunal de Contas da Uni\u00e3o (TCU) \u2014 Foto: Anielle Brand\u00e3o\/TV Clube\"\/><figcaption>Corpo de Firmino Filho foi encontrado no pr\u00e9dio onde funciona o Tribunal de Contas da Uni\u00e3o (TCU) \u2014 Foto: Anielle Brand\u00e3o\/TV Clube<\/figcaption><\/figure>\n\n\n\n<p>Firmino da Silveira Soares Filho era economista, pol\u00edtico filiado ao PSDB e professor da Universidade Federal do Piau\u00ed (UFPI). Ele foi quatro vezes prefeito de Teresina. Foi eleito pela primeira vez em 1996, com 33 anos, e reeleito em 2000. Depois, ele voltou a vencer a disputa municipal em 2012, tendo sido novamente reeleito em 2016.<\/p>\n\n\n\n<p>No dia 1\u00ba de janeiro deste ano, Firmino Filho passou o posto para Dr. Pessoa, do MDB.<\/p>\n\n\n\n<p>O pol\u00edtico tamb\u00e9m foi deputado estadual e vereador de Teresina.<\/p>\n\n\n\n<figure class=\"wp-block-image\"><img decoding=\"async\" src=\"https:\/\/s2.glbimg.com\/Xpb2SMVBsPNsnJGrogcCdCv0sOE=\/0x0:1280x853\/984x0\/smart\/filters:strip_icc()\/i.s3.glbimg.com\/v1\/AUTH_59edd422c0c84a879bd37670ae4f538a\/internal_photos\/bs\/2020\/T\/y\/BLbM22Sha2TZAueo0Mbg\/firminofilho-pmtt.jpg\" alt=\"Ex-prefeito Firmino Filho (PSDB), de Teresina \u2014 Foto: Renato Bezerra\/Prefeitura de Teresina\"\/><figcaption>Ex-prefeito Firmino Filho (PSDB), de Teresina \u2014 Foto: Renato Bezerra\/Prefeitura de Teresina<\/figcaption><\/figure>\n\n\n\n<h2>Biografia<\/h2>\n\n\n\n<p>Natural de Teresina, Firmino Filho nasceu no dia 16 de dezembro de 1963. Ele era casado com a deputada estadual Lucy Soares (Progressistas) e deixa tr\u00eas filho.<\/p>\n\n\n\n<p>Formado em economia pela Universidade Federal de Pernambuco (UFPE), em 1993 assumiu a Secretaria Municipal de Finan\u00e7as, quando Teresina estava sob o comando de Wall Ferraz (PSDB). Ingressou na carreira pol\u00edtica ao ser eleito prefeito da capital pela primeira vez em 1996. Firmino foi eleito outras tr\u00eas vezes em 2000, 2012 e 2016.<\/p>\n\n\n\n<p>Em 2008, o economista ganhou a elei\u00e7\u00e3o para vereador de Teresina. Dois anos depois, em 2010, Firmino Filho foi eleito deputado estadual do Piau\u00ed.<\/p>\n\n\n\n<h2>\u00daltima entrevista<\/h2>\n\n\n\n<p>A \u00faltima entrevista de Firmino Filho \u00e0&nbsp;<strong>TV Clube<\/strong>&nbsp;foi na v\u00e9spera de deixar o cargo de prefeito de Teresina, em 31 de dezembro de 2020. Na ocasi\u00e3o, o pol\u00edtico fez um balan\u00e7o da sua gest\u00e3o. Segundo ele, seu maior advers\u00e1rio no \u00faltimo ano de mandato foi a Covid-19, porque teve que tomar medidas restritivas recomendadas mundialmente, como o fechamento do com\u00e9rcio.<\/p>\n\n\n\n<p>Sobre o futuro pol\u00edtico, Firmino declarou: &#8220;N\u00e3o existe nenhum plano para 2022&#8221;.<\/p>\n\n\n\n<h2>Repercuss\u00e3o<\/h2>\n\n\n\n<p>Nas redes sociais, o presidente nacional do PSDB, Bruno Ara\u00fajo, lamentou a morte de Firmino Filho. &#8220;Brilhante administrador&#8221;, declarou.<\/p>\n\n\n\n<p>O presidente da Assembleia Legislativa do Estado do Piau\u00ed (Alepi), deputado Them\u00edstocles Filho, e demais parlamentares e servidores do estado manifestaram pesar pelo falecimento de Firmino Filho.<\/p>\n\n\n\n<p>A Alepi decretou luto oficial de tr\u00eas dias no \u00e2mbito do Poder Legislativo Estadual.<\/p>\n\n\n\n<p><strong>Fonte: G1 PI<\/strong><\/p>\n","protected":false},"excerpt":{"rendered":"<p>Prefeito de Teresina por quatro mandatos, Firmino Filho morreu nesta ter\u00e7a-feira (6) aos 57 anos. Seu corpo foi encontrado na entrada do pr\u00e9dio do Tribunal de Contas da Uni\u00e3o (TCU), na Zona Leste da capital, onde o ex-prefeito era servidor de carreira. Seu \u00faltimo mandato terminou em 2020. Segundo a assessoria de Firmino, ele teria [&hellip;]<\/p>\n","protected":false},"author":1,"featured_media":20714,"comment_status":"open","ping_status":"open","sticky":false,"template":"","format":"standard","meta":{"beyondwords_generate_audio":"","beyondwords_project_id":"","beyondwords_podcast_id":"","beyondwords_hash":"","beyondwords_error_message":"","beyondwords_disabled":"","publish_post_to_speechkit":"","speechkit_generate_audio":"","speechkit_project_id":"","speechkit_podcast_id":"","speechkit_hash":"","speechkit_error_message":"","speechkit_disabled":"","speechkit_access_key":"","speechkit_error":"","speechkit_info":"","speechkit_response":"","speechkit_retries":"","_speechkit_link":"","_speechkit_text":""},"categories":[51,81],"tags":[371,82,142,70,353,44,5315,289,7994,119,5926,187],"jetpack_featured_media_url":"","_links":{"self":[{"href":"https:\/\/pinews.com.br\/index.php\/wp-json\/wp\/v2\/posts\/20713"}],"collection":[{"href":"https:\/\/pinews.com.br\/index.php\/wp-json\/wp\/v2\/posts"}],"about":[{"href":"https:\/\/pinews.com.br\/index.php\/wp-json\/wp\/v2\/types\/post"}],"author":[{"embeddable":true,"href":"https:\/\/pinews.com.br\/index.php\/wp-json\/wp\/v2\/users\/1"}],"replies":[{"embeddable":true,"href":"https:\/\/pinews.com.br\/index.php\/wp-json\/wp\/v2\/comments?post=20713"}],"version-history":[{"count":0,"href":"https:\/\/pinews.com.br\/index.php\/wp-json\/wp\/v2\/posts\/20713\/revisions"}],"wp:featuredmedia":[{"embeddable":true,"href":"https:\/\/pinews.com.br\/index.php\/wp-json\/"}],"wp:attachment":[{"href":"https:\/\/pinews.com.br\/index.php\/wp-json\/wp\/v2\/media?parent=20713"}],"wp:term":[{"taxonomy":"category","embeddable":true,"href":"https:\/\/pinews.com.br\/index.php\/wp-json\/wp\/v2\/categories?post=20713"},{"taxonomy":"post_tag","embeddable":true,"href":"https:\/\/pinews.com.br\/index.php\/wp-json\/wp\/v2\/tags?post=20713"}],"curies":[{"name":"wp","href":"https:\/\/api.w.org\/{rel}","templated":true}]}}