{"id":20721,"date":"2021-04-07T11:07:18","date_gmt":"2021-04-07T14:07:18","guid":{"rendered":"https:\/\/pinews.com.br\/?p=20721"},"modified":"2021-04-07T11:07:18","modified_gmt":"2021-04-07T14:07:18","slug":"politicos-amigos-e-familiares-prestam-a-ultima-homenagem-a-firmino-filho","status":"publish","type":"post","link":"https:\/\/pinews.com.br\/index.php\/2021\/04\/07\/politicos-amigos-e-familiares-prestam-a-ultima-homenagem-a-firmino-filho\/","title":{"rendered":"Pol\u00edticos, amigos e familiares prestam a \u00faltima homenagem a Firmino Filho"},"content":{"rendered":"\n<p>O corpo do&nbsp;ex-prefeito Firmino Filho (PSDB)&nbsp;foi velado por familiares, amigos e pol\u00edticos. Ainda perplexos com a perda do l\u00edder pol\u00edtico, alguns admiradores tamb\u00e9m prestaram homenagens na funer\u00e1ria em que ocorreu o vel\u00f3rio, na avenida Miguel Rosa.<\/p>\n\n\n\n<figure class=\"wp-block-image\"><img decoding=\"async\" src=\"https:\/\/i0.wp.com\/www.riachaonet.com.br\/portal\/wp-content\/uploads\/2021\/04\/cortejo-firmino-filho-5.jpg?resize=745%2C483&amp;ssl=1\" alt=\"\" class=\"wp-image-201329\"\/><\/figure>\n\n\n\n<p>O vereador Ven\u00e2ncio Cardoso (PSDB) diz que mais que uma perda pol\u00edtica, foi uma perda profunda pela pessoa que Firmino era. \u201cAlgo que n\u00e3o conseguimos  imaginar. Foi um choque. N\u00e3o \u00e9 uma perda s\u00f3 para pol\u00edtica, mas para todos n\u00f3s que somos amigos, a dor e bem maior. Perdemos a pessoa do Firmino\u201d, disse.<\/p>\n\n\n\n<p>O ex-prefeito de Timon, Chico Leitoa, j\u00e1 est\u00e1 no local. Al\u00e9m de v\u00e1rios pol\u00edticos do pa\u00eds.<\/p>\n\n\n\n<p>O prefeito Dr. Pessoa chegou ao local. Ele foi hostilizado por duas mulheres que o xingaram e falavam que advers\u00e1rio n\u00e3o deveria estar presente.<\/p>\n\n\n\n<figure class=\"wp-block-image\"><img decoding=\"async\" src=\"https:\/\/i1.wp.com\/www.riachaonet.com.br\/portal\/wp-content\/uploads\/2021\/04\/cortejo-firmino-filho-2.jpg?resize=755%2C479&amp;ssl=1\" alt=\"\" class=\"wp-image-201325\"\/><figcaption>Lucy Soares acompanha, emocionada, cortejo do esposo<\/figcaption><\/figure>\n\n\n\n<h2>Relembre a trajet\u00f3ria pol\u00edtica do ex-prefeito Firmino Filho<\/h2>\n\n\n\n<p>Prefeito de Teresina por 16 anos, Firmino Filho, 57 anos, deixou um legado de dedica\u00e7\u00e3o \u00e0 gest\u00e3o p\u00fablica. A TV Cidade Verde fez um retrospecto da vida pol\u00edtica do ex-gestor da Capital que tinha o reconhecimento de lideran\u00e7as pol\u00edticas nacionais.<\/p>\n\n\n\n<p>\u00c0 frente do comando da prefeitura, Firmino Filho recebeu pr\u00eamios por sua gest\u00e3o e era reconhecido como \u201cprefeito crian\u00e7a\u201d por sua a\u00e7\u00f5es voltadas para a garantia dos direitos de crian\u00e7as e adolescentes. Por isso, Firmino Filho recebeu, por mais de uma vez, a certifica\u00e7\u00e3o do Selo UNICEF. Al\u00e9m de prefeito, ele foi vereador de Teresina e tamb\u00e9m deputado estadual no Piau\u00ed.<\/p>\n\n\n\n<figure class=\"wp-block-image\"><img decoding=\"async\" src=\"https:\/\/i1.wp.com\/www.riachaonet.com.br\/portal\/wp-content\/uploads\/2021\/04\/cortejo-firmino-filho-4.jpg?resize=751%2C481&amp;ssl=1\" alt=\"\" class=\"wp-image-201327\"\/><figcaption>Cortejo f\u00fanebre percorrer\u00e1 pontos importantes da capital<\/figcaption><\/figure>\n\n\n\n<h2>PSDB emite nota e lamenta morte do ex-prefeito Firmino Filho<\/h2>\n\n\n\n<p>A dire\u00e7\u00e3o do PSDB nacional emitiu uma nota lamentando a morte do ex-prefeito Firmino Filho (PSDB). Na nota, o partido lembra a trajet\u00f3ria pol\u00edtica do tucano e lamenta a morte do lidere pol\u00edtico.<\/p>\n\n\n\n<p>O ex-prefeito de Teresina, Firmino Filho (PSDB), foi encontrado morto na tarde desta ter\u00e7a-feira (6) na zona Leste de Teresina. O ex-prefeito teria ca\u00eddo do 14\u00ba andar do edif\u00edcio Manhattan River Center, na rua Senador Ar\u00eaa Le\u00e3o, onde funciona o Tribunal de Contas da Uni\u00e3o (TCU), local em que o ex-gestor trabalhava.<\/p>\n\n\n\n<figure class=\"wp-block-image\"><img decoding=\"async\" src=\"https:\/\/i2.wp.com\/www.riachaonet.com.br\/portal\/wp-content\/uploads\/2021\/04\/cortejo-firmino-filho-3.jpg?resize=755%2C477&amp;ssl=1\" alt=\"\" class=\"wp-image-201326\"\/><figcaption>Pessoas marcaram presen\u00e7a em espa\u00e7o funer\u00e1rio onde foi velado o corpo de Firmino Filho<\/figcaption><\/figure>\n\n\n\n<p><strong>Nota<\/strong><br><em>Uma hist\u00f3ria que deixa a todos n\u00f3s em choque. Brilhante administrador, prefeito por quatro vezes de Teresina pelo PSDB, Firmino Filho era um dos mais preparados  quadros da pol\u00edtica do Piau\u00ed.  <\/em><br><em>A hist\u00f3ria de Firmino Filho ficar\u00e1 marcada como a de um gestor solid\u00e1rio e justo, que tudo fez para melhorar a vida dos cidad\u00e3os. Far\u00e1 muita falta ao nosso partido e \u00e0 pol\u00edtica. O PSDB de todo Brasil abra\u00e7a fraternalmente  a fam\u00edlia nesse momento de grande tristeza para todos. <\/em><\/p>\n\n\n\n<p><strong>Imagens: Roberta Aline<\/strong><\/p>\n\n\n\n<p><strong>Fonte: Cidade Verde<\/strong><\/p>\n","protected":false},"excerpt":{"rendered":"<p>O corpo do&nbsp;ex-prefeito Firmino Filho (PSDB)&nbsp;foi velado por familiares, amigos e pol\u00edticos. Ainda perplexos com a perda do l\u00edder pol\u00edtico, alguns admiradores tamb\u00e9m prestaram homenagens na funer\u00e1ria em que ocorreu o vel\u00f3rio, na avenida Miguel Rosa. O vereador Ven\u00e2ncio Cardoso (PSDB) diz que mais que uma perda pol\u00edtica, foi uma perda profunda pela pessoa que [&hellip;]<\/p>\n","protected":false},"author":1,"featured_media":20722,"comment_status":"open","ping_status":"open","sticky":false,"template":"","format":"standard","meta":{"beyondwords_generate_audio":"","beyondwords_project_id":"","beyondwords_podcast_id":"","beyondwords_hash":"","beyondwords_error_message":"","beyondwords_disabled":"","publish_post_to_speechkit":"","speechkit_generate_audio":"","speechkit_project_id":"","speechkit_podcast_id":"","speechkit_hash":"","speechkit_error_message":"","speechkit_disabled":"","speechkit_access_key":"","speechkit_error":"","speechkit_info":"","speechkit_response":"","speechkit_retries":"","_speechkit_link":"","_speechkit_text":""},"categories":[51,81],"tags":[573,576,289,7994,7997,5834,7998,7999],"jetpack_featured_media_url":"","_links":{"self":[{"href":"https:\/\/pinews.com.br\/index.php\/wp-json\/wp\/v2\/posts\/20721"}],"collection":[{"href":"https:\/\/pinews.com.br\/index.php\/wp-json\/wp\/v2\/posts"}],"about":[{"href":"https:\/\/pinews.com.br\/index.php\/wp-json\/wp\/v2\/types\/post"}],"author":[{"embeddable":true,"href":"https:\/\/pinews.com.br\/index.php\/wp-json\/wp\/v2\/users\/1"}],"replies":[{"embeddable":true,"href":"https:\/\/pinews.com.br\/index.php\/wp-json\/wp\/v2\/comments?post=20721"}],"version-history":[{"count":0,"href":"https:\/\/pinews.com.br\/index.php\/wp-json\/wp\/v2\/posts\/20721\/revisions"}],"wp:featuredmedia":[{"embeddable":true,"href":"https:\/\/pinews.com.br\/index.php\/wp-json\/"}],"wp:attachment":[{"href":"https:\/\/pinews.com.br\/index.php\/wp-json\/wp\/v2\/media?parent=20721"}],"wp:term":[{"taxonomy":"category","embeddable":true,"href":"https:\/\/pinews.com.br\/index.php\/wp-json\/wp\/v2\/categories?post=20721"},{"taxonomy":"post_tag","embeddable":true,"href":"https:\/\/pinews.com.br\/index.php\/wp-json\/wp\/v2\/tags?post=20721"}],"curies":[{"name":"wp","href":"https:\/\/api.w.org\/{rel}","templated":true}]}}