{"id":20730,"date":"2021-04-07T11:16:47","date_gmt":"2021-04-07T14:16:47","guid":{"rendered":"https:\/\/pinews.com.br\/?p=20730"},"modified":"2021-04-07T11:16:47","modified_gmt":"2021-04-07T14:16:47","slug":"laudo-com-causa-da-morte-de-firmino-sai-em-dez-dias-afirma-iml","status":"publish","type":"post","link":"https:\/\/pinews.com.br\/index.php\/2021\/04\/07\/laudo-com-causa-da-morte-de-firmino-sai-em-dez-dias-afirma-iml\/","title":{"rendered":"Laudo com causa da morte de Firmino sai em dez dias, afirma IML"},"content":{"rendered":"\n<p>O Ex-prefeito Firmino Filho foi encontrado morto na tarde desta ter\u00e7a-feira (6), na frente do pr\u00e9dio River Center, na Zona Leste. O corpo do ex-prefeito foi removido para o Instituto M\u00e9dico Legal (IML) por volta das 18h40. A per\u00edcia esteve no andar onde Firmino estava, onde foram encontrados seu celular e os sapatos. Ele estava de m\u00e1scara quando foi encontrado.<\/p>\n\n\n\n<p>\u201cA gente est\u00e1 acompanhando tudo at\u00e9 para que alguma coisa que for poss\u00edvel e tem um ve\u00edculo que ser\u00e1 feito levantamento, pois a perita pediu a tem mais sentido fazer pela manh\u00e3 e a gente entendeu, n\u00e3o discutimos isso. Ainda estamos no meio das investiga\u00e7\u00f5es, foi medido a queda, do pr\u00e9dio ao ch\u00e3o, mas nem isso eu sei ainda, pois foi medido agora com calma, porem a maioria das informa\u00e7\u00f5es eu prefiro reservar\u201d, disse Ant\u00f4nio Nunes, Diretor do Instituto de Criminalista.&nbsp;<\/p>\n\n\n\n<p>A equipe de per\u00edcia esteve no local e iniciou o processo de investiga\u00e7\u00e3o da poss\u00edvel causa da morte do ex-prefeito e como foram os \u00faltimos passos de Firmino Filho. De acordo com Ant\u00f4nio Nunes, do IML, as c\u00e2meras internas do pr\u00e9dio do Tribunal de Contas do Uni\u00e3o (TCU) podem ser acionadas dentro desse processo, mas que defini\u00e7\u00e3o da causa somente ap\u00f3s uma necropsia que sair\u00e1 daqui 10 dias.&nbsp;<\/p>\n\n\n\n<figure class=\"wp-block-image\"><img decoding=\"async\" src=\"https:\/\/cidadeverde.com\/assets\/uploads\/noticias\/88a8234dcd0856fd3678e8d3ed3aef36.jpg\" alt=\"\"\/><figcaption><em>Foto: Roberta Aline<\/em><\/figcaption><\/figure>\n\n\n\n<p>\u201cN\u00e3o d\u00e1 ainda para definir o que aconteceu mesmo por uma quest\u00e3o jur\u00eddica, mas geralmente a gente trabalha com tr\u00eas hip\u00f3teses gerais. Foi feito o devido levantamento l\u00e1 em cima pelos peritos criminais. Os delegados acompanharam, e a DHPP esteve aqui tamb\u00e9m fazendo seu levantamento\u201d, disse o m\u00e9dico do IML.&nbsp;<\/p>\n\n\n\n<p>De acordo com o m\u00e9dico criminalista Ant\u00f4nio Nunes ainda \u00e9 cedo para qualquer defini\u00e7\u00e3o de hip\u00f3tese a respeito da morte do Ex-prefeito Firmino Filho e que ser\u00e1 feito a necropsia, e depois de 10 dias que ter\u00e1 a conclus\u00e3o sobre a causa da morte. O material colhido ao lado do corpo foi todo levado pela per\u00edcia e ser\u00e1 analisado a posi\u00e7\u00e3o da queda e analise de toda log\u00edstica.<\/p>\n\n\n\n<p>A per\u00edcia do corpo e do local onde aconteceu a morte ter\u00e1 um trabalho de continuidade amanh\u00e3 pela manh\u00e3 (7). Firmino deixa a esposa Lucy Soares, deputada estadual, e os filhos Bruno, B\u00e1rbara e Cristina Soares.<\/p>\n\n\n\n<figure class=\"wp-block-embed-youtube wp-block-embed is-type-video is-provider-youtube wp-embed-aspect-16-9 wp-has-aspect-ratio\"><div class=\"wp-block-embed__wrapper\">\n<iframe loading=\"lazy\" title=\"IML investiga causa da morte do ex-prefeito Firmino\" width=\"1170\" height=\"658\" src=\"https:\/\/www.youtube.com\/embed\/jXeFCtVvEI8?feature=oembed\" frameborder=\"0\" allow=\"accelerometer; autoplay; clipboard-write; encrypted-media; gyroscope; picture-in-picture; web-share\" allowfullscreen><\/iframe>\n<\/div><\/figure>\n\n\n\n<p><strong>Fonte: P\u00e2mella Maranh\u00e3o com Flash de Yala Sena\/ Cidade Verde<\/strong><\/p>\n","protected":false},"excerpt":{"rendered":"<p>O Ex-prefeito Firmino Filho foi encontrado morto na tarde desta ter\u00e7a-feira (6), na frente do pr\u00e9dio River Center, na Zona Leste. O corpo do ex-prefeito foi removido para o Instituto M\u00e9dico Legal (IML) por volta das 18h40. A per\u00edcia esteve no andar onde Firmino estava, onde foram encontrados seu celular e os sapatos. Ele estava [&hellip;]<\/p>\n","protected":false},"author":1,"featured_media":20731,"comment_status":"open","ping_status":"open","sticky":false,"template":"","format":"standard","meta":{"beyondwords_generate_audio":"","beyondwords_project_id":"","beyondwords_podcast_id":"","beyondwords_hash":"","beyondwords_error_message":"","beyondwords_disabled":"","publish_post_to_speechkit":"","speechkit_generate_audio":"","speechkit_project_id":"","speechkit_podcast_id":"","speechkit_hash":"","speechkit_error_message":"","speechkit_disabled":"","speechkit_access_key":"","speechkit_error":"","speechkit_info":"","speechkit_response":"","speechkit_retries":"","_speechkit_link":"","_speechkit_text":""},"categories":[51,81],"tags":[341,172,122,44,6509,787,46,7994,5658,8000,223,969],"jetpack_featured_media_url":"","_links":{"self":[{"href":"https:\/\/pinews.com.br\/index.php\/wp-json\/wp\/v2\/posts\/20730"}],"collection":[{"href":"https:\/\/pinews.com.br\/index.php\/wp-json\/wp\/v2\/posts"}],"about":[{"href":"https:\/\/pinews.com.br\/index.php\/wp-json\/wp\/v2\/types\/post"}],"author":[{"embeddable":true,"href":"https:\/\/pinews.com.br\/index.php\/wp-json\/wp\/v2\/users\/1"}],"replies":[{"embeddable":true,"href":"https:\/\/pinews.com.br\/index.php\/wp-json\/wp\/v2\/comments?post=20730"}],"version-history":[{"count":0,"href":"https:\/\/pinews.com.br\/index.php\/wp-json\/wp\/v2\/posts\/20730\/revisions"}],"wp:featuredmedia":[{"embeddable":true,"href":"https:\/\/pinews.com.br\/index.php\/wp-json\/"}],"wp:attachment":[{"href":"https:\/\/pinews.com.br\/index.php\/wp-json\/wp\/v2\/media?parent=20730"}],"wp:term":[{"taxonomy":"category","embeddable":true,"href":"https:\/\/pinews.com.br\/index.php\/wp-json\/wp\/v2\/categories?post=20730"},{"taxonomy":"post_tag","embeddable":true,"href":"https:\/\/pinews.com.br\/index.php\/wp-json\/wp\/v2\/tags?post=20730"}],"curies":[{"name":"wp","href":"https:\/\/api.w.org\/{rel}","templated":true}]}}