{"id":20818,"date":"2021-04-10T11:25:52","date_gmt":"2021-04-10T14:25:52","guid":{"rendered":"https:\/\/pinews.com.br\/?p=20818"},"modified":"2021-04-10T11:25:52","modified_gmt":"2021-04-10T14:25:52","slug":"pedreiro-e-solto-no-ceara-apos-ficar-16-anos-preso-injustamente","status":"publish","type":"post","link":"https:\/\/pinews.com.br\/index.php\/2021\/04\/10\/pedreiro-e-solto-no-ceara-apos-ficar-16-anos-preso-injustamente\/","title":{"rendered":"Pedreiro \u00e9 solto no Cear\u00e1 ap\u00f3s ficar 16 anos preso injustamente"},"content":{"rendered":"\n<p>O pedreiro C\u00edcero Jos\u00e9 de Melo, passou&nbsp;16 anos preso lutando para provar sua inoc\u00eancia. Ele havia sido acudado de homic\u00edcio injustamente. Ap\u00f3s in\u00fameras tratativas, nessa quinta-feira (8\/4), foi considerado inocente em Juazeiro do Norte, Cear\u00e1.<\/p>\n\n\n\n<p>Em entrevista ao jornal D\u00e1rio do Nordeste, o pedreiro disse: \u201cme considero como se eu tivesse sido sequestrado por um crime que eu n\u00e3o cometi nem contra o Estado, nem contra a sociedade\u201d.<\/p>\n\n\n\n<p>O caso, desde o come\u00e7o, se tratou de uma incoer\u00eancia e de um equ\u00edvoco policial. Em 18 de novembro de 2005, C\u00edcero estava na rua, no Crato (CE), com um amigo, quando teria sido surpreendido por uma equipe de agentes policiais. O homem, que n\u00e3o estava com documento de identifica\u00e7\u00e3o na hora da a\u00e7\u00e3o, teria sido imediatamente acusado de cometer um crime, que n\u00e3o tinha nem conhecimento de qual era.<\/p>\n\n\n\n<p>\u201cMe colocaram dentro da viatura, me fizeram passar vergonha. As pessoas olhando para mim como se eu tivesse cometido crime mesmo. Eu falando que era inocente e eles rindo de mim, rindo da minha cara\u201d, declarou C\u00edcero.<\/p>\n\n\n\n<p>C\u00edcero n\u00e3o contou com nenhum apoio para defend\u00ea-lo frente \u00e0 injusti\u00e7a. Em entrevista, ele declarou que, enquanto esteve encarcerado na Penitenci\u00e1ria Industrial e Regional do Cariri, lutou sozinho para provar a pr\u00f3pria liberdade. \u201cNunca tive visita. Eu vivi no abandono. Quem me confortava era Deus e meus parceiros de cela\u201d, lamentou.<\/p>\n\n\n\n<p>Processo de soltura<\/p>\n\n\n\n<p>C\u00edcero chamou a aten\u00e7\u00e3o de um advogado, chamado Roberto Duarte, que se interessou em auxili\u00e1-lo para ter a garantia de liberdade. Desde 2005, o homem n\u00e3o havia sido ouvido por nenhum agente de Justi\u00e7a e nenhum dos ju\u00edzes envolvidos no caso procurou ouvir testemunhas ou conhecidos da v\u00edtima.<\/p>\n\n\n\n<p>\u201cComecei a investigar poss\u00edveis processos nas comarcas do interior e na capital e nada de achar. Fiz uma visita ao C\u00edcero. Nessa visita, colhi a procura\u00e7\u00e3o dele, fiz requerimento administrativo junto \u00e0 dire\u00e7\u00e3o da Pirc e fui respondido com o alvar\u00e1 de soltura\u201d, relembrou o advogado.<\/p>\n\n\n\n<p>Ap\u00f3s pedido do advogado, a ju\u00edza corregedora de pres\u00eddios, Maria L\u00facia Vieira, emitiu um documento para solicitar provid\u00eancias para analisar a situa\u00e7\u00e3o de C\u00edcero em rela\u00e7\u00e3o \u00e0 Justi\u00e7a. Tendo em vista a falta de provas, foi decidido o fim da pris\u00e3o provis\u00f3ria do homem.<\/p>\n\n\n\n<p>Evidente ilegalidade<\/p>\n\n\n\n<p>\u201cTorna-se imprescind\u00edvel o relaxamento da pris\u00e3o do custodiado a fim de sanar a evidente ilegalidade da sua pris\u00e3o, vez que n\u00e3o h\u00e1 informa\u00e7\u00f5es, motivos que fundamentem sua manuten\u00e7\u00e3o em c\u00e1rcere\u201d, disse o of\u00edcio.<\/p>\n\n\n\n<p>Agora que est\u00e1 liberto, o homem est\u00e1 em busca da fam\u00edlia e amigos, com quem perdeu o contato h\u00e1 anos. Segundo ele, os conhecidos n\u00e3o tiveram conhecimento de sua pris\u00e3o.<\/p>\n\n\n\n<p>\u201cPassei 16 anos preso injustamente. Eu servi o Ex\u00e9rcito. Meu sonho era colocar meu filho no Col\u00e9gio Militar. E esse sonho tiraram de mim. Eu me senti p\u00e9ssimo. \u00c9 dif\u00edcil se manter no Sistema Penitenci\u00e1rio com pessoas que cometeram crimes e eu sem ter cometido. Jamais eu ia mentir: se eu tivesse cometido um crime, eu diria. Quem comete um crime tem mesmo que pagar pelo que fez\u201d, explicou o pedreiro.<\/p>\n\n\n\n<p>Posicionamento da Justi\u00e7a<\/p>\n\n\n\n<p>O Tribunal de Justi\u00e7a do Cear\u00e1 se posicionou a respeito da situa\u00e7\u00e3o de C\u00edcero. Em nota, o \u00f3rg\u00e3o declarou que, ainda com diversas pesquisas em sistemas de dados prisionais, n\u00e3o foi encontrada nenhuma declara\u00e7\u00e3o comprometedora que justificasse a pris\u00e3o do pedreiro.<\/p>\n\n\n\n<p>\u201cCabe destacar ainda que o Judici\u00e1rio pode ser acionado a qualquer momento pela defesa dos custodiados, seja por meio de advogado particular ou defensor p\u00fablico, ou pelas pr\u00f3prias unidades prisionais, para an\u00e1lise e delibera\u00e7\u00e3o de cada processo. No caso de C\u00edcero Jos\u00e9 de Melo, essa comunica\u00e7\u00e3o ao Poder Judici\u00e1rio s\u00f3 foi realizada nos dias atuais e, ap\u00f3s retorno do \u00d3rg\u00e3o Ministerial, foi determinada imediatamente a soltura dele\u201d, disse o Tribunal em comunicado.<\/p>\n\n\n\n<p><strong>Fonte: Meio Norte<\/strong><\/p>\n","protected":false},"excerpt":{"rendered":"<p>O pedreiro C\u00edcero Jos\u00e9 de Melo, passou&nbsp;16 anos preso lutando para provar sua inoc\u00eancia. Ele havia sido acudado de homic\u00edcio injustamente. Ap\u00f3s in\u00fameras tratativas, nessa quinta-feira (8\/4), foi considerado inocente em Juazeiro do Norte, Cear\u00e1. Em entrevista ao jornal D\u00e1rio do Nordeste, o pedreiro disse: \u201cme considero como se eu tivesse sido sequestrado por um [&hellip;]<\/p>\n","protected":false},"author":1,"featured_media":20819,"comment_status":"open","ping_status":"open","sticky":false,"template":"","format":"standard","meta":{"beyondwords_generate_audio":"","beyondwords_project_id":"","beyondwords_podcast_id":"","beyondwords_hash":"","beyondwords_error_message":"","beyondwords_disabled":"","publish_post_to_speechkit":"","speechkit_generate_audio":"","speechkit_project_id":"","speechkit_podcast_id":"","speechkit_hash":"","speechkit_error_message":"","speechkit_disabled":"","speechkit_access_key":"","speechkit_error":"","speechkit_info":"","speechkit_response":"","speechkit_retries":"","_speechkit_link":"","_speechkit_text":""},"categories":[134],"tags":[175,82,70,672,72,6715,8028,992,79,5647],"jetpack_featured_media_url":"","_links":{"self":[{"href":"https:\/\/pinews.com.br\/index.php\/wp-json\/wp\/v2\/posts\/20818"}],"collection":[{"href":"https:\/\/pinews.com.br\/index.php\/wp-json\/wp\/v2\/posts"}],"about":[{"href":"https:\/\/pinews.com.br\/index.php\/wp-json\/wp\/v2\/types\/post"}],"author":[{"embeddable":true,"href":"https:\/\/pinews.com.br\/index.php\/wp-json\/wp\/v2\/users\/1"}],"replies":[{"embeddable":true,"href":"https:\/\/pinews.com.br\/index.php\/wp-json\/wp\/v2\/comments?post=20818"}],"version-history":[{"count":0,"href":"https:\/\/pinews.com.br\/index.php\/wp-json\/wp\/v2\/posts\/20818\/revisions"}],"wp:featuredmedia":[{"embeddable":true,"href":"https:\/\/pinews.com.br\/index.php\/wp-json\/"}],"wp:attachment":[{"href":"https:\/\/pinews.com.br\/index.php\/wp-json\/wp\/v2\/media?parent=20818"}],"wp:term":[{"taxonomy":"category","embeddable":true,"href":"https:\/\/pinews.com.br\/index.php\/wp-json\/wp\/v2\/categories?post=20818"},{"taxonomy":"post_tag","embeddable":true,"href":"https:\/\/pinews.com.br\/index.php\/wp-json\/wp\/v2\/tags?post=20818"}],"curies":[{"name":"wp","href":"https:\/\/api.w.org\/{rel}","templated":true}]}}