{"id":20833,"date":"2021-04-10T18:57:17","date_gmt":"2021-04-10T21:57:17","guid":{"rendered":"https:\/\/pinews.com.br\/?p=20833"},"modified":"2021-04-10T18:57:17","modified_gmt":"2021-04-10T21:57:17","slug":"homem-e-preso-com-cabras-e-ovelhas-furtadas-dentro-de-carro-em-cidade-do-piaui","status":"publish","type":"post","link":"https:\/\/pinews.com.br\/index.php\/2021\/04\/10\/homem-e-preso-com-cabras-e-ovelhas-furtadas-dentro-de-carro-em-cidade-do-piaui\/","title":{"rendered":"Homem \u00e9 preso com cabras e ovelhas furtadas dentro de carro em cidade do Piau\u00ed"},"content":{"rendered":"\n<p>Uma equipe de Policiais Militares da For\u00e7a T\u00e1tica de Valen\u00e7a prendeu em flagrante na manh\u00e3 deste s\u00e1bado (10\/04), um homem de 40 anos suspeito de v\u00e1rios furtos de animais na regi\u00e3o.<\/p>\n\n\n\n<p>Segundo a PM, o suspeito j\u00e1 estava&nbsp;sendo monitorado&nbsp;em virtude de v\u00e1rias den\u00fancias por parte de pequenos produtores rurais, as quais noticiavam o crime de \u201cabigeato\u201d, que consiste no furto de animais para a comercializa\u00e7\u00e3o e abate clandestino.<\/p>\n\n\n\n<p>Considerando os graves preju\u00edzos produzidos pela s\u00e9rie de crimes, a For\u00e7a T\u00e1tica, com base em levantamento de informa\u00e7\u00f5es, conseguiu realizar a pris\u00e3o em flagrante suspeito na estrada vicinal de acesso ao povoado Jo\u00e3o Pires, zona rural de Valen\u00e7a.<\/p>\n\n\n\n<p>No momento da pris\u00e3o, o homem&nbsp;estava com os caprinos no interior do&nbsp;ve\u00edculo. Ele foi conduzido para a Delegacia Regional de Valen\u00e7a para autua\u00e7\u00e3o.<\/p>\n\n\n\n<figure class=\"wp-block-image\"><a href=\"https:\/\/i2.wp.com\/storage.stwonline.com.br\/180graus\/uploads\/ckeditor\/pictures\/2436939\/b8dfb82137a5bd7fd23f84b670a4cabd.jpg?ssl=1\"><img decoding=\"async\" src=\"https:\/\/i2.wp.com\/storage.stwonline.com.br\/180graus\/uploads\/ckeditor\/pictures\/2436939\/b8dfb82137a5bd7fd23f84b670a4cabd.jpg?w=1220&amp;ssl=1\" alt=\"\"\/><\/a><figcaption>&nbsp;&nbsp;&nbsp;Divulga\u00e7\u00e3o \/ PM<\/figcaption><\/figure>\n\n\n\n<figure class=\"wp-block-image\"><a href=\"https:\/\/i1.wp.com\/storage.stwonline.com.br\/180graus\/uploads\/ckeditor\/pictures\/2436940\/9fafeb0a5d7bfec36994a1e4c2edf427.jpg?ssl=1\"><img decoding=\"async\" src=\"https:\/\/i1.wp.com\/storage.stwonline.com.br\/180graus\/uploads\/ckeditor\/pictures\/2436940\/9fafeb0a5d7bfec36994a1e4c2edf427.jpg?w=1220&amp;ssl=1\" alt=\"\"\/><\/a><figcaption>&nbsp;&nbsp;&nbsp;Divulga\u00e7\u00e3o \/ PM<\/figcaption><\/figure>\n\n\n\n<figure class=\"wp-block-image\"><a href=\"https:\/\/i0.wp.com\/storage.stwonline.com.br\/180graus\/uploads\/ckeditor\/pictures\/2436941\/961b15f338e31699e593f496e50fb3e3.jpg?ssl=1\"><img decoding=\"async\" src=\"https:\/\/i0.wp.com\/storage.stwonline.com.br\/180graus\/uploads\/ckeditor\/pictures\/2436941\/961b15f338e31699e593f496e50fb3e3.jpg?w=1220&amp;ssl=1\" alt=\"\"\/><\/a><figcaption>&nbsp;&nbsp;&nbsp;Divulga\u00e7\u00e3o \/ PM<\/figcaption><\/figure>\n\n\n\n<figure class=\"wp-block-image\"><a href=\"https:\/\/i0.wp.com\/storage.stwonline.com.br\/180graus\/uploads\/ckeditor\/pictures\/2436942\/efaf45dae23beb627d4f7e395b581b64.jpg?ssl=1\"><img decoding=\"async\" src=\"https:\/\/i0.wp.com\/storage.stwonline.com.br\/180graus\/uploads\/ckeditor\/pictures\/2436942\/efaf45dae23beb627d4f7e395b581b64.jpg?w=1220&amp;ssl=1\" alt=\"\"\/><\/a><figcaption>&nbsp;&nbsp;&nbsp;Divulga\u00e7\u00e3o \/ PM<\/figcaption><\/figure>\n\n\n\n<figure class=\"wp-block-image\"><a href=\"https:\/\/i1.wp.com\/storage.stwonline.com.br\/180graus\/uploads\/ckeditor\/pictures\/2436943\/fe240a0e6f1cfe4b16a038945869564f.jpg?ssl=1\"><img decoding=\"async\" src=\"https:\/\/i1.wp.com\/storage.stwonline.com.br\/180graus\/uploads\/ckeditor\/pictures\/2436943\/fe240a0e6f1cfe4b16a038945869564f.jpg?w=1220&amp;ssl=1\" alt=\"\"\/><\/a><figcaption>&nbsp;&nbsp;&nbsp;Divulga\u00e7\u00e3o \/ PM<\/figcaption><\/figure>\n\n\n\n<p><strong>Fonte: Canal 121<\/strong><\/p>\n","protected":false},"excerpt":{"rendered":"<p>Uma equipe de Policiais Militares da For\u00e7a T\u00e1tica de Valen\u00e7a prendeu em flagrante na manh\u00e3 deste s\u00e1bado (10\/04), um homem de 40 anos suspeito de v\u00e1rios furtos de animais na regi\u00e3o. Segundo a PM, o suspeito j\u00e1 estava&nbsp;sendo monitorado&nbsp;em virtude de v\u00e1rias den\u00fancias por parte de pequenos produtores rurais, as quais noticiavam o crime de [&hellip;]<\/p>\n","protected":false},"author":1,"featured_media":20834,"comment_status":"open","ping_status":"open","sticky":false,"template":"","format":"standard","meta":{"beyondwords_generate_audio":"","beyondwords_project_id":"","beyondwords_podcast_id":"","beyondwords_hash":"","beyondwords_error_message":"","beyondwords_disabled":"","publish_post_to_speechkit":"","speechkit_generate_audio":"","speechkit_project_id":"","speechkit_podcast_id":"","speechkit_hash":"","speechkit_error_message":"","speechkit_disabled":"","speechkit_access_key":"","speechkit_error":"","speechkit_info":"","speechkit_response":"","speechkit_retries":"","_speechkit_link":"","_speechkit_text":""},"categories":[51,78],"tags":[8029,62,63,44,192,72,46,1656,84,2099,52,79],"jetpack_featured_media_url":"","_links":{"self":[{"href":"https:\/\/pinews.com.br\/index.php\/wp-json\/wp\/v2\/posts\/20833"}],"collection":[{"href":"https:\/\/pinews.com.br\/index.php\/wp-json\/wp\/v2\/posts"}],"about":[{"href":"https:\/\/pinews.com.br\/index.php\/wp-json\/wp\/v2\/types\/post"}],"author":[{"embeddable":true,"href":"https:\/\/pinews.com.br\/index.php\/wp-json\/wp\/v2\/users\/1"}],"replies":[{"embeddable":true,"href":"https:\/\/pinews.com.br\/index.php\/wp-json\/wp\/v2\/comments?post=20833"}],"version-history":[{"count":0,"href":"https:\/\/pinews.com.br\/index.php\/wp-json\/wp\/v2\/posts\/20833\/revisions"}],"wp:featuredmedia":[{"embeddable":true,"href":"https:\/\/pinews.com.br\/index.php\/wp-json\/"}],"wp:attachment":[{"href":"https:\/\/pinews.com.br\/index.php\/wp-json\/wp\/v2\/media?parent=20833"}],"wp:term":[{"taxonomy":"category","embeddable":true,"href":"https:\/\/pinews.com.br\/index.php\/wp-json\/wp\/v2\/categories?post=20833"},{"taxonomy":"post_tag","embeddable":true,"href":"https:\/\/pinews.com.br\/index.php\/wp-json\/wp\/v2\/tags?post=20833"}],"curies":[{"name":"wp","href":"https:\/\/api.w.org\/{rel}","templated":true}]}}