{"id":20843,"date":"2021-04-10T19:07:54","date_gmt":"2021-04-10T22:07:54","guid":{"rendered":"https:\/\/pinews.com.br\/?p=20843"},"modified":"2021-04-10T19:07:54","modified_gmt":"2021-04-10T22:07:54","slug":"pacientes-renais-cronicos-entram-no-grupo-prioritario-para-vacina","status":"publish","type":"post","link":"https:\/\/pinews.com.br\/index.php\/2021\/04\/10\/pacientes-renais-cronicos-entram-no-grupo-prioritario-para-vacina\/","title":{"rendered":"Pacientes renais cr\u00f4nicos entram no grupo priorit\u00e1rio para vacina"},"content":{"rendered":"\n<p>Os pacientes renais cr\u00f4nicos que realizam terapia substitutiva foram inseridos entre os grupos priorit\u00e1rios para receberem a imuniza\u00e7\u00e3o contra a Covid-19. A decis\u00e3o foi da Comiss\u00e3o Intergestores Bipartite do Piau\u00ed, em sua 26\u00aa reuni\u00e3o de car\u00e1ter extraordin\u00e1ria, realizada atrav\u00e9s de videoconfer\u00eancia, no dia 31 de mar\u00e7o do corrente ano, e atendeu a um pleito da Defensoria P\u00fablica que enviou of\u00edcio nesse sentido assinado pelo defensor p\u00fablico geral, Erisvaldo Marques dos Reis, ao secret\u00e1rio de Estado da Sa\u00fade, Florentino Neto e ao presidente da Funda\u00e7\u00e3o Municipal de Sa\u00fade, Gilberto Albuquerque.<\/p>\n\n\n\n<p>A solicita\u00e7\u00e3o da Defensoria P\u00fablica atendeu a um pedido da Associa\u00e7\u00e3o dos Pacientes Renais Cr\u00f4nicos do Piau\u00ed, por meio do seu presidente, Lu\u00eds Gonzaga Moreira Filho, e da sua vice-presidente, Joc\u00e9lia Ciri\u00e1co, durante o evento virtual promovido pela Defensoria P\u00fablica dia 13 do \u00faltimo m\u00eas de mar\u00e7o, por iniciativa do ouvidor\u2013geral externo, Djan Moreira, em alus\u00e3o ao&nbsp; Dia Mundial do Rim.<\/p>\n\n\n\n<p>A inclus\u00e3o dos pacientes que realizam terapia renal substitutiva \u2013 pacientes renais cr\u00f4nicos, consta na Resolu\u00e7\u00e3o CIB-PI, N\u00ba 030\/2021. Para esse p\u00fablico espec\u00edfico, de acordo com a referida Resolu\u00e7\u00e3o, ser\u00e3o destinadas 6.000 (seis mil) doses da vacina.<\/p>\n\n\n\n<p>O superintendente de M\u00e9dia e Alta Complexidade da Sesapi, Alderico Gomes Tavares, explica a import\u00e2ncia de garantir a vacina\u00e7\u00e3o aos pacientes renais. \u201cNo dia 31 de mar\u00e7o, em reuni\u00e3o extraordin\u00e1ria da CIB, a Superintend\u00eancia de M\u00e9dia e Alta Complexidade solicitou a inclus\u00e3o e a garantia de vacina\u00e7\u00e3o para os pacientes renais cr\u00f4nicos de todo o Estado, que passam por exposi\u00e7\u00e3o em sess\u00f5es de hemodi\u00e1lise semanais, haja vista a vulnerabilidade desta popula\u00e7\u00e3o devido ao risco da constante exposi\u00e7\u00e3o\u201d, ressalta o Superintendente, que teve seu pleito aprovado por unanimidade pela Comiss\u00e3o. Alderico Tavares destaca ainda que j\u00e1 est\u00e3o asseguradas as duas doses da imuniza\u00e7\u00e3o para os pacientes reanais com o perfil descrito.&nbsp;<\/p>\n\n\n\n<p>O defensor p\u00fablico geral, Erisvaldo Marques, afirma que a Defensoria recebe com satisfa\u00e7\u00e3o as decis\u00f5es da Comiss\u00e3o Intergestores Bipartite, em especial a relativa aos pacientes renais. \u201cA inclus\u00e3o dos pacientes renais cr\u00f4nicos como grupo priorit\u00e1rio trar\u00e1 sem d\u00favidas um al\u00edvio para esse significativo grupo de pessoas que, pelas caracter\u00edsticas do tratamento a que se submetem para a pr\u00f3pria sobreviv\u00eancia, n\u00e3o t\u00eam condi\u00e7\u00f5es de manter o isolamento social, ficando mais expostos aos riscos de cont\u00e1gio pelo novo coronav\u00edrus. Agradecemos \u00e0 sensibilidade dos integrantes da Comiss\u00e3o Bipartite em atender ao apelo desse grupo, que no Brasil hoje representa cerca de 140 mil pacientes com doen\u00e7a renal cr\u00f4nica.\u201d, afirma.<\/p>\n\n\n\n<p><strong>Fonte: Cidade Verde<\/strong><\/p>\n","protected":false},"excerpt":{"rendered":"<p>Os pacientes renais cr\u00f4nicos que realizam terapia substitutiva foram inseridos entre os grupos priorit\u00e1rios para receberem a imuniza\u00e7\u00e3o contra a Covid-19. A decis\u00e3o foi da Comiss\u00e3o Intergestores Bipartite do Piau\u00ed, em sua 26\u00aa reuni\u00e3o de car\u00e1ter extraordin\u00e1ria, realizada atrav\u00e9s de videoconfer\u00eancia, no dia 31 de mar\u00e7o do corrente ano, e atendeu a um pleito da [&hellip;]<\/p>\n","protected":false},"author":1,"featured_media":20844,"comment_status":"open","ping_status":"open","sticky":false,"template":"","format":"standard","meta":{"beyondwords_generate_audio":"","beyondwords_project_id":"","beyondwords_podcast_id":"","beyondwords_hash":"","beyondwords_error_message":"","beyondwords_disabled":"","publish_post_to_speechkit":"","speechkit_generate_audio":"","speechkit_project_id":"","speechkit_podcast_id":"","speechkit_hash":"","speechkit_error_message":"","speechkit_disabled":"","speechkit_access_key":"","speechkit_error":"","speechkit_info":"","speechkit_response":"","speechkit_retries":"","_speechkit_link":"","_speechkit_text":""},"categories":[51,1288],"tags":[8031,8032,711,1964,350,8033,8034,3178],"jetpack_featured_media_url":"","_links":{"self":[{"href":"https:\/\/pinews.com.br\/index.php\/wp-json\/wp\/v2\/posts\/20843"}],"collection":[{"href":"https:\/\/pinews.com.br\/index.php\/wp-json\/wp\/v2\/posts"}],"about":[{"href":"https:\/\/pinews.com.br\/index.php\/wp-json\/wp\/v2\/types\/post"}],"author":[{"embeddable":true,"href":"https:\/\/pinews.com.br\/index.php\/wp-json\/wp\/v2\/users\/1"}],"replies":[{"embeddable":true,"href":"https:\/\/pinews.com.br\/index.php\/wp-json\/wp\/v2\/comments?post=20843"}],"version-history":[{"count":0,"href":"https:\/\/pinews.com.br\/index.php\/wp-json\/wp\/v2\/posts\/20843\/revisions"}],"wp:featuredmedia":[{"embeddable":true,"href":"https:\/\/pinews.com.br\/index.php\/wp-json\/"}],"wp:attachment":[{"href":"https:\/\/pinews.com.br\/index.php\/wp-json\/wp\/v2\/media?parent=20843"}],"wp:term":[{"taxonomy":"category","embeddable":true,"href":"https:\/\/pinews.com.br\/index.php\/wp-json\/wp\/v2\/categories?post=20843"},{"taxonomy":"post_tag","embeddable":true,"href":"https:\/\/pinews.com.br\/index.php\/wp-json\/wp\/v2\/tags?post=20843"}],"curies":[{"name":"wp","href":"https:\/\/api.w.org\/{rel}","templated":true}]}}