{"id":20887,"date":"2021-04-12T11:32:21","date_gmt":"2021-04-12T14:32:21","guid":{"rendered":"https:\/\/pinews.com.br\/?p=20887"},"modified":"2021-04-12T11:32:21","modified_gmt":"2021-04-12T14:32:21","slug":"receita-adia-o-prazo-de-entrega-da-declaracao-de-imposto-de-renda","status":"publish","type":"post","link":"https:\/\/pinews.com.br\/index.php\/2021\/04\/12\/receita-adia-o-prazo-de-entrega-da-declaracao-de-imposto-de-renda\/","title":{"rendered":"Receita adia o prazo de entrega da Declara\u00e7\u00e3o de Imposto de Renda"},"content":{"rendered":"\n<p>A Receita Federal adiou, para 31 de maio, o prazo para entrega da declara\u00e7\u00e3o de&nbsp;Imposto de Renda da&nbsp;Pessoa&nbsp;F\u00edsica, ano-base 2020. O per\u00edodo de ajuste anual, que come\u00e7ou em 1\u00ba de mar\u00e7o, terminaria no dia 30 de abril, mas foi prorrogado pela Instru\u00e7\u00e3o Normativa n\u00ba 2.020\/2021, publicada hoje (12) no&nbsp;<em><a href=\"https:\/\/www.in.gov.br\/en\/web\/dou\/-\/instrucao-normativa-rfb-n-2.020-de-9-de-abril-de-2021-313193696\" target=\"_blank\" rel=\"noreferrer noopener\">Di\u00e1rio Oficial da Uni\u00e3o<\/a>.<\/em><img decoding=\"async\" src=\"https:\/\/agenciabrasil.ebc.com.br\/ebc.png?id=1406556&amp;o=node\"><img decoding=\"async\" src=\"https:\/\/agenciabrasil.ebc.com.br\/ebc.gif?id=1406556&amp;o=node\"><\/p>\n\n\n\n<p>De acordo com a Receita, a prorroga\u00e7\u00e3o foi estabelecida como forma de suavizar as dificuldades impostas pela pandemia de covid-19, assim como aconteceu em 2019. No ano passado, o prazo foi estendido em dois meses, at\u00e9 30 de junho.<\/p>\n\n\n\n<p>\u201cA medida visa proteger a sociedade, evitando que sejam formadas aglomera\u00e7\u00f5es nas unidades de atendimento e demais estabelecimentos procurados pelos cidad\u00e3os para obter documentos ou ajuda profissional. Assim, a Receita Federal contribui com os esfor\u00e7os do governo federal na manuten\u00e7\u00e3o do distanciamento social e diminui\u00e7\u00e3o da propaga\u00e7\u00e3o da doen\u00e7a\u201d, explicou, em nota.<\/p>\n\n\n\n<p>Em raz\u00e3o do adiamento, o contribuinte que deseja pagar o imposto via d\u00e9bito autom\u00e1tico desde a primeira cota dever\u00e1 fazer a solicita\u00e7\u00e3o at\u00e9 o dia 10 de maio. Quem enviar a declara\u00e7\u00e3o ap\u00f3s esta data dever\u00e1 pagar a primeira cota por meio de Documento de Arrecada\u00e7\u00e3o de Receitas Federais (DARF), gerado pelo pr\u00f3prio programa de declara\u00e7\u00e3o. Nesse caso, as demais cotas poder\u00e3o ser em d\u00e9bito autom\u00e1tico.<\/p>\n\n\n\n<p>Para aqueles que n\u00e3o optarem pelo d\u00e9bito autom\u00e1tico, os DARFs de todas as cotas poder\u00e3o ser emitidos pelo programa ou pelo Extrato da Declara\u00e7\u00e3o, dispon\u00edvel no <a rel=\"noreferrer noopener\" href=\"https:\/\/cav.receita.fazenda.gov.br\/autenticacao\/login\/index\" target=\"_blank\">Centro Virtual de Atendimento<\/a> (e-CAC) no <em>site<\/em> da <a rel=\"noreferrer noopener\" href=\"https:\/\/www.gov.br\/receitafederal\/pt-br\" target=\"_blank\">Receita Federal<\/a>.<\/p>\n\n\n\n<p>Tamb\u00e9m foram prorrogados para 31 de maio de 2021 os prazos de entrega da Declara\u00e7\u00e3o Final de Esp\u00f3lio e da Declara\u00e7\u00e3o de Sa\u00edda Definitiva do Pa\u00eds, assim como, o vencimento do pagamento do imposto relativo a essas declara\u00e7\u00f5es.<\/p>\n\n\n\n<p>A Receita destacou ainda que disponibiliza diversos servi\u00e7os aos cidad\u00e3os, que podem ser acessado sem sair de casa. Por meio do e-CAC com uma conta gov.br, o portal \u00fanico do governo federal, o contribuinte tem acesso, por exemplo, aos comprovantes de rendimentos informados na Declara\u00e7\u00e3o de Imposto de Renda Retido na Fonte (DIRF) pelas fontes pagadoras, \u00e0 c\u00f3pia da \u00faltima declara\u00e7\u00e3o entregue e \u00e0 declara\u00e7\u00e3o pr\u00e9-preenchida.<\/p>\n\n\n\n<p><strong>Fonte: Ag\u00eancia Brasil<\/strong><\/p>\n","protected":false},"excerpt":{"rendered":"<p>A Receita Federal adiou, para 31 de maio, o prazo para entrega da declara\u00e7\u00e3o de&nbsp;Imposto de Renda da&nbsp;Pessoa&nbsp;F\u00edsica, ano-base 2020. O per\u00edodo de ajuste anual, que come\u00e7ou em 1\u00ba de mar\u00e7o, terminaria no dia 30 de abril, mas foi prorrogado pela Instru\u00e7\u00e3o Normativa n\u00ba 2.020\/2021, publicada hoje (12) no&nbsp;Di\u00e1rio Oficial da Uni\u00e3o. De acordo com [&hellip;]<\/p>\n","protected":false},"author":1,"featured_media":20888,"comment_status":"open","ping_status":"open","sticky":false,"template":"","format":"standard","meta":{"beyondwords_generate_audio":"","beyondwords_project_id":"","beyondwords_podcast_id":"","beyondwords_hash":"","beyondwords_error_message":"","beyondwords_disabled":"","publish_post_to_speechkit":"","speechkit_generate_audio":"","speechkit_project_id":"","speechkit_podcast_id":"","speechkit_hash":"","speechkit_error_message":"","speechkit_disabled":"","speechkit_access_key":"","speechkit_error":"","speechkit_info":"","speechkit_response":"","speechkit_retries":"","_speechkit_link":"","_speechkit_text":""},"categories":[516,134],"tags":[6311,122,44,3472,2502,5439,1960,4859,1031],"jetpack_featured_media_url":"","_links":{"self":[{"href":"https:\/\/pinews.com.br\/index.php\/wp-json\/wp\/v2\/posts\/20887"}],"collection":[{"href":"https:\/\/pinews.com.br\/index.php\/wp-json\/wp\/v2\/posts"}],"about":[{"href":"https:\/\/pinews.com.br\/index.php\/wp-json\/wp\/v2\/types\/post"}],"author":[{"embeddable":true,"href":"https:\/\/pinews.com.br\/index.php\/wp-json\/wp\/v2\/users\/1"}],"replies":[{"embeddable":true,"href":"https:\/\/pinews.com.br\/index.php\/wp-json\/wp\/v2\/comments?post=20887"}],"version-history":[{"count":0,"href":"https:\/\/pinews.com.br\/index.php\/wp-json\/wp\/v2\/posts\/20887\/revisions"}],"wp:featuredmedia":[{"embeddable":true,"href":"https:\/\/pinews.com.br\/index.php\/wp-json\/"}],"wp:attachment":[{"href":"https:\/\/pinews.com.br\/index.php\/wp-json\/wp\/v2\/media?parent=20887"}],"wp:term":[{"taxonomy":"category","embeddable":true,"href":"https:\/\/pinews.com.br\/index.php\/wp-json\/wp\/v2\/categories?post=20887"},{"taxonomy":"post_tag","embeddable":true,"href":"https:\/\/pinews.com.br\/index.php\/wp-json\/wp\/v2\/tags?post=20887"}],"curies":[{"name":"wp","href":"https:\/\/api.w.org\/{rel}","templated":true}]}}