{"id":20901,"date":"2021-04-12T18:51:01","date_gmt":"2021-04-12T21:51:01","guid":{"rendered":"https:\/\/pinews.com.br\/?p=20901"},"modified":"2021-04-12T18:51:01","modified_gmt":"2021-04-12T21:51:01","slug":"toque-de-recolher-as-22h-inicia-nesta-segunda-e-vai-ate-dia-18-de-abril","status":"publish","type":"post","link":"https:\/\/pinews.com.br\/index.php\/2021\/04\/12\/toque-de-recolher-as-22h-inicia-nesta-segunda-e-vai-ate-dia-18-de-abril\/","title":{"rendered":"Toque de recolher \u00e0s 22h inicia nesta segunda e vai at\u00e9 dia 18 de abril"},"content":{"rendered":"\n<p>O novo hor\u00e1rio do toque de recolher institu\u00eddo pelo governo do estado inicia nesta segunda-feira (12). At\u00e9 o dia 18 de abril, entre as 22h e 5h, fica proibida a circula\u00e7\u00e3o de pessoas em espa\u00e7os e vias p\u00fablicas. S\u00f3 ser\u00e3o permitidos deslocamentos de extrema necessidade e que se enquadrem na legisla\u00e7\u00e3o como procura por servi\u00e7os de sa\u00fade e trabalhadores em atividades essenciais. At\u00e9 ontem, o toque de recolher iniciava \u00e0s 21h.<\/p>\n\n\n\n<p>De acordo com o decreto publicado pelo governo no s\u00e1bado, para a circula\u00e7\u00e3o excepcional em via p\u00fablica, as pessoas dever\u00e3o portar documento ou declara\u00e7\u00e3o que justifique o deslocamento. A fiscaliza\u00e7\u00e3o ficar\u00e1 a cargo de \u00f3rg\u00e3os sanit\u00e1rios como Vigil\u00e2ncias Sanit\u00e1rias, bem como for\u00e7as de seguran\u00e7a como Pol\u00edcia Militar.<\/p>\n\n\n\n<p>&#8220;Fica determinado aos \u00f3rg\u00e3os indicados que reforcem a fiscaliza\u00e7\u00e3o observando proibi\u00e7\u00f5es como: aglomera\u00e7\u00e3o de pessoas, consumo de bebidas alco\u00f3licas em locais p\u00fablicos, al\u00e9m de dire\u00e7\u00e3o sob efeito de \u00e1lcool&#8221;, diz o decreto publicado no \u00faltimo s\u00e1bado.<\/p>\n\n\n\n<p>Imagens dos sistemas de videomonitoramento poder\u00e3o ser usadas na fiscaliza\u00e7\u00e3o do toque de recolher.<\/p>\n\n\n\n<p><strong>Atividades presenciais suspensas \u00e0s 20h de quinta<\/strong><\/p>\n\n\n\n<p>O decreto diz ainda que, a partir das 20h do dia 15 de abril, pr\u00f3xima quinta, at\u00e9 \u00e0s 24h do dia 18, ficar\u00e3o suspensas todas as atividades presenciais econ\u00f4mico-sociais, com exce\u00e7\u00e3o das atividades consideradas essenciais como:<\/p>\n\n\n\n<p>Mercearias, supermercados, farm\u00e1cias, oficinas, postos de combust\u00edveis, servi\u00e7o de delivery, bancos, lot\u00e9ricas, templos religiosos, igrejas, dentre outros. O funcionamento de supermercados, por exemplo, deve ser encerrado \u00e0s 20h.&nbsp;<\/p>\n\n\n\n<p><strong>Fonte: H\u00e9rlon Moraes\/ Cidade Verde<\/strong><\/p>\n","protected":false},"excerpt":{"rendered":"<p>O novo hor\u00e1rio do toque de recolher institu\u00eddo pelo governo do estado inicia nesta segunda-feira (12). At\u00e9 o dia 18 de abril, entre as 22h e 5h, fica proibida a circula\u00e7\u00e3o de pessoas em espa\u00e7os e vias p\u00fablicas. S\u00f3 ser\u00e3o permitidos deslocamentos de extrema necessidade e que se enquadrem na legisla\u00e7\u00e3o como procura por servi\u00e7os [&hellip;]<\/p>\n","protected":false},"author":1,"featured_media":20902,"comment_status":"open","ping_status":"open","sticky":false,"template":"","format":"standard","meta":{"beyondwords_generate_audio":"","beyondwords_project_id":"","beyondwords_podcast_id":"","beyondwords_hash":"","beyondwords_error_message":"","beyondwords_disabled":"","publish_post_to_speechkit":"","speechkit_generate_audio":"","speechkit_project_id":"","speechkit_podcast_id":"","speechkit_hash":"","speechkit_error_message":"","speechkit_disabled":"","speechkit_access_key":"","speechkit_error":"","speechkit_info":"","speechkit_response":"","speechkit_retries":"","_speechkit_link":"","_speechkit_text":""},"categories":[51],"tags":[981,7652,3058,623,815,44,515,5790,5815,7582,5589,7583,1089],"jetpack_featured_media_url":"","_links":{"self":[{"href":"https:\/\/pinews.com.br\/index.php\/wp-json\/wp\/v2\/posts\/20901"}],"collection":[{"href":"https:\/\/pinews.com.br\/index.php\/wp-json\/wp\/v2\/posts"}],"about":[{"href":"https:\/\/pinews.com.br\/index.php\/wp-json\/wp\/v2\/types\/post"}],"author":[{"embeddable":true,"href":"https:\/\/pinews.com.br\/index.php\/wp-json\/wp\/v2\/users\/1"}],"replies":[{"embeddable":true,"href":"https:\/\/pinews.com.br\/index.php\/wp-json\/wp\/v2\/comments?post=20901"}],"version-history":[{"count":0,"href":"https:\/\/pinews.com.br\/index.php\/wp-json\/wp\/v2\/posts\/20901\/revisions"}],"wp:featuredmedia":[{"embeddable":true,"href":"https:\/\/pinews.com.br\/index.php\/wp-json\/"}],"wp:attachment":[{"href":"https:\/\/pinews.com.br\/index.php\/wp-json\/wp\/v2\/media?parent=20901"}],"wp:term":[{"taxonomy":"category","embeddable":true,"href":"https:\/\/pinews.com.br\/index.php\/wp-json\/wp\/v2\/categories?post=20901"},{"taxonomy":"post_tag","embeddable":true,"href":"https:\/\/pinews.com.br\/index.php\/wp-json\/wp\/v2\/tags?post=20901"}],"curies":[{"name":"wp","href":"https:\/\/api.w.org\/{rel}","templated":true}]}}