{"id":20905,"date":"2021-04-12T18:53:37","date_gmt":"2021-04-12T21:53:37","guid":{"rendered":"https:\/\/pinews.com.br\/?p=20905"},"modified":"2021-04-12T18:53:37","modified_gmt":"2021-04-12T21:53:37","slug":"piaui-conquista-1o-lugar-em-ranking-nacional-de-cadastros-da-tarifa-social","status":"publish","type":"post","link":"https:\/\/pinews.com.br\/index.php\/2021\/04\/12\/piaui-conquista-1o-lugar-em-ranking-nacional-de-cadastros-da-tarifa-social\/","title":{"rendered":"Piau\u00ed conquista 1\u00ba lugar em ranking nacional de cadastros da Tarifa Social"},"content":{"rendered":"\n<p>Uma for\u00e7a tarefa envolvendo Equatorial Piau\u00ed, Governo do Estado, por meio da Secretaria de Estado da Assist\u00eancia Social (SASC) e prefeituras municipais, colocou o Piau\u00ed no primeiro lugar em n\u00famero de cadastros de beneficiados pela Tarifa Social no ano de 2020. O ranking nacional foi divulgado pela Aneel, que indicou tamb\u00e9m as demais distribuidoras do Grupo Equatorial entre as cinco melhores do pa\u00eds. Para celebrar o t\u00edtulo piauiense, acontece na pr\u00f3xima ter\u00e7a-feira (13), em formato virtual, a partir das 11h30, a solenidade de premia\u00e7\u00e3o \u2018\u2019Boas Pr\u00e1ticas de Tarifa Social de Energia El\u00e9trica\u2019\u2019.&nbsp;A solenidade pode ser acompanhada pelas redes sociais Youtube e Facebook do Governo do Estado e da Equatorial.&nbsp;<\/p>\n\n\n\n<p>Durante o evento, os munic\u00edpios com melhor destaque, desempenho e evolu\u00e7\u00e3o, ser\u00e3o premiados pelas a\u00e7\u00f5es de busca ativa para cadastrar potenciais beneficiados pela Tarifa Social. Na ocasi\u00e3o, acontece tamb\u00e9m o lan\u00e7amento da campanha \u201cMenos Tarifa, Mais Social\u201d, marcada pela assinatura do termo de coopera\u00e7\u00e3o voltado para garantir em 2021 o acesso \u00e0 Tarifa Social a mais piauienses, que tem como meta alcan\u00e7ar 504 mil cadastros no estado.<\/p>\n\n\n\n<p>\u201cSabemos o quanto a energia el\u00e9trica \u00e9 essencial na vida das pessoas. Foi com essa certeza que seguimos trabalhando todos os dias de 2020, buscando solu\u00e7\u00f5es para enfrentar o desafio da pandemia e cadastrar piauienses com perfil para receber o benef\u00edcio da Tarifa Social, que concede descontos de at\u00e9 65% na fatura de energia. Tivemos que descobrir novas oportunidades para superar os desafios da pandemia e apostamos em inova\u00e7\u00e3o para oferecer aos nossos clientes oportunidades de acesso aos servi\u00e7os de forma digital, exemplo do novo site e da Clara, que passou a realizar cadastro da Tarifa Social pelo WhatsApp\u201d, afirma Maur\u00edcio Velloso, presidente da Equatorial Piau\u00ed.<\/p>\n\n\n\n<p>Em 2020, 475 mil fam\u00edlias foram beneficiadas no estado pela Tarifa Social, o que representa, aproximadamente, cerca de 1,7 milh\u00e3o de pessoas diretamente assistidas pelo aux\u00edlio. O impacto desse n\u00famero gerou uma economia para as fam\u00edlias de R$ 164 milh\u00f5es no ano passado. Esse recurso movimentou a economia dos munic\u00edpios e possibilitou que os beneficiados pudessem destin\u00e1-lo a outras necessidades importante, como alimenta\u00e7\u00e3o e medicamentos.<\/p>\n\n\n\n<p>Para o Governador do Estado do Piau\u00ed, Wellington Dias, a integra\u00e7\u00e3o entre poder p\u00fablico e privado foi fundamental. \u201cQuando todos se unem em prol de um objetivo, ele \u00e9 alcan\u00e7ado de forma mais r\u00e1pida e efetiva. Cada um desses piauienses beneficiados sabe o qu\u00e3o importante \u00e9 esse benef\u00edcio, principalmente neste momento de crise econ\u00f4mica que estamos vivendo por conta da pandemia\u201d, disse o chefe do Executivo. \u201cQuero aqui parabenizar a equipe da SASC, das prefeituras e da Equatorial pelo esfor\u00e7o e conquista empenhados\u201d, finalizou.<\/p>\n\n\n\n<p>O Secret\u00e1rio de Estado da Assist\u00eancia Social Trabalho e Direitos Humanos \u2013 SASC, Z\u00e9 Santana destaca que essa \u00e9 uma a\u00e7\u00e3o integrada realizada de forma \u00edmpar \u2018\u2019Temos concentrados nossos t\u00e9cnicos em trabalhos que promovam cada vez mais um n\u00famero maior de cadastros, pois sabemos que neste momento t\u00e3o dif\u00edcil da pandemia, o benef\u00edcio da Tarifa Social traria resultados significativos e imediatos para a popula\u00e7\u00e3o baixa renda. E o resultado alcan\u00e7ado do Piau\u00ed em 1\u00ba lugar revela o sucesso da parceria dessa a\u00e7\u00e3o social integrada da SASC e Equatorial. &#8221; destaca o secret\u00e1rio.<\/p>\n\n\n\n<p><strong>Fonte: Cidade Verde<\/strong><\/p>\n","protected":false},"excerpt":{"rendered":"<p>Uma for\u00e7a tarefa envolvendo Equatorial Piau\u00ed, Governo do Estado, por meio da Secretaria de Estado da Assist\u00eancia Social (SASC) e prefeituras municipais, colocou o Piau\u00ed no primeiro lugar em n\u00famero de cadastros de beneficiados pela Tarifa Social no ano de 2020. O ranking nacional foi divulgado pela Aneel, que indicou tamb\u00e9m as demais distribuidoras do [&hellip;]<\/p>\n","protected":false},"author":1,"featured_media":20906,"comment_status":"open","ping_status":"open","sticky":false,"template":"","format":"standard","meta":{"beyondwords_generate_audio":"","beyondwords_project_id":"","beyondwords_podcast_id":"","beyondwords_hash":"","beyondwords_error_message":"","beyondwords_disabled":"","publish_post_to_speechkit":"","speechkit_generate_audio":"","speechkit_project_id":"","speechkit_podcast_id":"","speechkit_hash":"","speechkit_error_message":"","speechkit_disabled":"","speechkit_access_key":"","speechkit_error":"","speechkit_info":"","speechkit_response":"","speechkit_retries":"","_speechkit_link":"","_speechkit_text":""},"categories":[51],"tags":[513,8042,8043,122,44,46,5922,5508,52,2489,5857,6808],"jetpack_featured_media_url":"","_links":{"self":[{"href":"https:\/\/pinews.com.br\/index.php\/wp-json\/wp\/v2\/posts\/20905"}],"collection":[{"href":"https:\/\/pinews.com.br\/index.php\/wp-json\/wp\/v2\/posts"}],"about":[{"href":"https:\/\/pinews.com.br\/index.php\/wp-json\/wp\/v2\/types\/post"}],"author":[{"embeddable":true,"href":"https:\/\/pinews.com.br\/index.php\/wp-json\/wp\/v2\/users\/1"}],"replies":[{"embeddable":true,"href":"https:\/\/pinews.com.br\/index.php\/wp-json\/wp\/v2\/comments?post=20905"}],"version-history":[{"count":0,"href":"https:\/\/pinews.com.br\/index.php\/wp-json\/wp\/v2\/posts\/20905\/revisions"}],"wp:featuredmedia":[{"embeddable":true,"href":"https:\/\/pinews.com.br\/index.php\/wp-json\/"}],"wp:attachment":[{"href":"https:\/\/pinews.com.br\/index.php\/wp-json\/wp\/v2\/media?parent=20905"}],"wp:term":[{"taxonomy":"category","embeddable":true,"href":"https:\/\/pinews.com.br\/index.php\/wp-json\/wp\/v2\/categories?post=20905"},{"taxonomy":"post_tag","embeddable":true,"href":"https:\/\/pinews.com.br\/index.php\/wp-json\/wp\/v2\/tags?post=20905"}],"curies":[{"name":"wp","href":"https:\/\/api.w.org\/{rel}","templated":true}]}}