{"id":20962,"date":"2021-04-13T19:15:32","date_gmt":"2021-04-13T22:15:32","guid":{"rendered":"https:\/\/pinews.com.br\/?p=20962"},"modified":"2021-04-13T19:15:32","modified_gmt":"2021-04-13T22:15:32","slug":"trabalhador-morre-ao-cair-do-8-andar-de-predio-em-construcao-no-piaui","status":"publish","type":"post","link":"https:\/\/pinews.com.br\/index.php\/2021\/04\/13\/trabalhador-morre-ao-cair-do-8-andar-de-predio-em-construcao-no-piaui\/","title":{"rendered":"Trabalhador morre ao cair do 8\u00b0 andar de pr\u00e9dio em constru\u00e7\u00e3o no Piau\u00ed"},"content":{"rendered":"\n<p>Um t\u00e9cnico de refrigera\u00e7\u00e3o, identificado Airton Fernandes da Silva, de 37 anos, morreu ao cair do oitavo andar de um pr\u00e9dio em constru\u00e7\u00e3o, na tarde desta ter\u00e7a-feira (13), na Avenida dos Expedicion\u00e1rios, Zona Sudeste de Teresina. A v\u00edtima morreu no local.<\/p>\n\n\n\n<p>De acordo com a Per\u00edcia Criminal, o homem era de uma empresa terceirizada e estava instalando aparelhos de ar-condicionado. Ele n\u00e3o estava usando cinto de seguran\u00e7a e escorregou da escada, caindo do oitavo andar.<\/p>\n\n\n\n<p>&#8220;Foi uma morte violenta, por\u00e9m acidental. Ele estava usando bota, capacete, mas esqueceu o principal que era o cinto. O dono da empresa informou que comprou todos os equipamentos de prote\u00e7\u00e3o e realmente confirmamos esses que estavam no carro&#8221;, informou o perito.<\/p>\n\n\n\n<p>O Instituto M\u00e9dico Legal (IML) foi acionado e fez a remo\u00e7\u00e3o do corpo.<\/p>\n\n\n\n<figure class=\"wp-block-image\"><img decoding=\"async\" src=\"https:\/\/s2.glbimg.com\/ZQO2BswZbfD6Jja-dL_zlLTrQfM=\/0x0:1280x853\/984x0\/smart\/filters:strip_icc()\/i.s3.glbimg.com\/v1\/AUTH_59edd422c0c84a879bd37670ae4f538a\/internal_photos\/bs\/2021\/j\/M\/rtfK6JQbKaXvhaXtAHpA\/whatsapp-image-2021-04-13-at-18.04.42.jpeg\" alt=\"Viatura do Instituto M\u00e9dico Legal (IML) no Piau\u00ed \u2014 Foto: L\u00edvia Ferreira\/G1 PI\"\/><figcaption>Viatura do Instituto M\u00e9dico Legal (IML) no Piau\u00ed \u2014 Foto: L\u00edvia Ferreira\/G1 PI<\/figcaption><\/figure>\n\n\n\n<p><strong>Fonte: G1 PI<\/strong><\/p>\n","protected":false},"excerpt":{"rendered":"<p>Um t\u00e9cnico de refrigera\u00e7\u00e3o, identificado Airton Fernandes da Silva, de 37 anos, morreu ao cair do oitavo andar de um pr\u00e9dio em constru\u00e7\u00e3o, na tarde desta ter\u00e7a-feira (13), na Avenida dos Expedicion\u00e1rios, Zona Sudeste de Teresina. A v\u00edtima morreu no local. De acordo com a Per\u00edcia Criminal, o homem era de uma empresa terceirizada e [&hellip;]<\/p>\n","protected":false},"author":1,"featured_media":20963,"comment_status":"open","ping_status":"open","sticky":false,"template":"","format":"standard","meta":{"beyondwords_generate_audio":"","beyondwords_project_id":"","beyondwords_podcast_id":"","beyondwords_hash":"","beyondwords_error_message":"","beyondwords_disabled":"","publish_post_to_speechkit":"","speechkit_generate_audio":"","speechkit_project_id":"","speechkit_podcast_id":"","speechkit_hash":"","speechkit_error_message":"","speechkit_disabled":"","speechkit_access_key":"","speechkit_error":"","speechkit_info":"","speechkit_response":"","speechkit_retries":"","_speechkit_link":"","_speechkit_text":""},"categories":[51,81],"tags":[6977,132,353,6747,44,46,119,52,5926,6815],"jetpack_featured_media_url":"","_links":{"self":[{"href":"https:\/\/pinews.com.br\/index.php\/wp-json\/wp\/v2\/posts\/20962"}],"collection":[{"href":"https:\/\/pinews.com.br\/index.php\/wp-json\/wp\/v2\/posts"}],"about":[{"href":"https:\/\/pinews.com.br\/index.php\/wp-json\/wp\/v2\/types\/post"}],"author":[{"embeddable":true,"href":"https:\/\/pinews.com.br\/index.php\/wp-json\/wp\/v2\/users\/1"}],"replies":[{"embeddable":true,"href":"https:\/\/pinews.com.br\/index.php\/wp-json\/wp\/v2\/comments?post=20962"}],"version-history":[{"count":0,"href":"https:\/\/pinews.com.br\/index.php\/wp-json\/wp\/v2\/posts\/20962\/revisions"}],"wp:featuredmedia":[{"embeddable":true,"href":"https:\/\/pinews.com.br\/index.php\/wp-json\/"}],"wp:attachment":[{"href":"https:\/\/pinews.com.br\/index.php\/wp-json\/wp\/v2\/media?parent=20962"}],"wp:term":[{"taxonomy":"category","embeddable":true,"href":"https:\/\/pinews.com.br\/index.php\/wp-json\/wp\/v2\/categories?post=20962"},{"taxonomy":"post_tag","embeddable":true,"href":"https:\/\/pinews.com.br\/index.php\/wp-json\/wp\/v2\/tags?post=20962"}],"curies":[{"name":"wp","href":"https:\/\/api.w.org\/{rel}","templated":true}]}}