{"id":20966,"date":"2021-04-14T11:08:47","date_gmt":"2021-04-14T14:08:47","guid":{"rendered":"https:\/\/pinews.com.br\/?p=20966"},"modified":"2021-04-14T11:08:47","modified_gmt":"2021-04-14T14:08:47","slug":"volante-piauiense-romulo-volta-ao-vasco-da-gama","status":"publish","type":"post","link":"https:\/\/pinews.com.br\/index.php\/2021\/04\/14\/volante-piauiense-romulo-volta-ao-vasco-da-gama\/","title":{"rendered":"Volante piauiense R\u00f4mulo volta ao Vasco da Gama"},"content":{"rendered":"\n<p>O Vasco anunciou, na noite desta ter\u00e7a-feira 13.04, o retorno do volante piauiense R\u00f4mulo. O meio-campo R\u00f4mulo nasceu em Picos-PI em 19.09.1990 e de l\u00e1 foi para o Porto de Caruaru-PE, clube formador de jogadores.<\/p>\n\n\n\n<p>Participou de tr\u00eas edi\u00e7\u00f5es da Copa S\u00e3o Paulo de Futebol J\u00fanior e em 2009 foi contratado pelo Vasco da Gama do Rio de Janeiro e como titular da equipe de S\u00e3o Janu\u00e1rio conquistou o t\u00edtulo de campe\u00e3o da Copa do Brasil de 2011 na final em Curitiba.&nbsp;&nbsp;<\/p>\n\n\n\n<p>As grandes atua\u00e7\u00f5es no Vasco levaram R\u00f4mulo a defender a Sele\u00e7\u00e3o Brasileira na Olimp\u00edada de Londres em 2012, ficando com a medalha de prata.&nbsp; E chegou \u00e0 Sele\u00e7\u00e3o Brasileira principal disputando jogos com a Argentina e at\u00e9 marcou um gol.<\/p>\n\n\n\n<p>As atua\u00e7\u00f5es de R\u00f4mulo chamaram a aten\u00e7\u00e3o dos empres\u00e1rios do futebol e o craque piauiense foi contratado pelo Spartack de Moscou, onde atuou de 2012 a 2017, sendo duas vezes campe\u00e3o russo.<\/p>\n\n\n\n<p>Ap\u00f3s cinco anos retornou ao futebol brasileiro para defender o Flamengo do Rio de Janeiro de 2017 a 2019, sendo campe\u00e3o carioca e campe\u00e3o da Ta\u00e7a Guanabara.&nbsp;<\/p>\n\n\n\n<p>Em seguida foi para o Gr\u00eamio de Porto Alegre, participando da conquista do t\u00edtulo ga\u00facho de 2019.<\/p>\n\n\n\n<p>Durante a temporada de 2020 o craque piauiense jogou no futebol da China. Agora, chegando aos 31 anos,&nbsp; R\u00f4mulo acertou contrato at\u00e9 32.12.2021 com o Vasco da Gama.&nbsp;<\/p>\n\n\n\n<p>Outro piauiense que est\u00e1 de volta ao futebol brasileiro \u00e9 Jonas, contratado at\u00e9 o final da temporada pelo Bahia.<\/p>\n\n\n\n<p><strong>Fonte: D\u00eddimo de Castro\/ Cidade Verde<\/strong><\/p>\n","protected":false},"excerpt":{"rendered":"<p>O Vasco anunciou, na noite desta ter\u00e7a-feira 13.04, o retorno do volante piauiense R\u00f4mulo. O meio-campo R\u00f4mulo nasceu em Picos-PI em 19.09.1990 e de l\u00e1 foi para o Porto de Caruaru-PE, clube formador de jogadores. Participou de tr\u00eas edi\u00e7\u00f5es da Copa S\u00e3o Paulo de Futebol J\u00fanior e em 2009 foi contratado pelo Vasco da Gama [&hellip;]<\/p>\n","protected":false},"author":1,"featured_media":20967,"comment_status":"open","ping_status":"open","sticky":false,"template":"","format":"standard","meta":{"beyondwords_generate_audio":"","beyondwords_project_id":"","beyondwords_podcast_id":"","beyondwords_hash":"","beyondwords_error_message":"","beyondwords_disabled":"","publish_post_to_speechkit":"","speechkit_generate_audio":"","speechkit_project_id":"","speechkit_podcast_id":"","speechkit_hash":"","speechkit_error_message":"","speechkit_disabled":"","speechkit_access_key":"","speechkit_error":"","speechkit_info":"","speechkit_response":"","speechkit_retries":"","_speechkit_link":"","_speechkit_text":""},"categories":[1189,134,51,126],"tags":[132,122,8054,511,8055,8056,7177,3342],"jetpack_featured_media_url":"","_links":{"self":[{"href":"https:\/\/pinews.com.br\/index.php\/wp-json\/wp\/v2\/posts\/20966"}],"collection":[{"href":"https:\/\/pinews.com.br\/index.php\/wp-json\/wp\/v2\/posts"}],"about":[{"href":"https:\/\/pinews.com.br\/index.php\/wp-json\/wp\/v2\/types\/post"}],"author":[{"embeddable":true,"href":"https:\/\/pinews.com.br\/index.php\/wp-json\/wp\/v2\/users\/1"}],"replies":[{"embeddable":true,"href":"https:\/\/pinews.com.br\/index.php\/wp-json\/wp\/v2\/comments?post=20966"}],"version-history":[{"count":0,"href":"https:\/\/pinews.com.br\/index.php\/wp-json\/wp\/v2\/posts\/20966\/revisions"}],"wp:featuredmedia":[{"embeddable":true,"href":"https:\/\/pinews.com.br\/index.php\/wp-json\/"}],"wp:attachment":[{"href":"https:\/\/pinews.com.br\/index.php\/wp-json\/wp\/v2\/media?parent=20966"}],"wp:term":[{"taxonomy":"category","embeddable":true,"href":"https:\/\/pinews.com.br\/index.php\/wp-json\/wp\/v2\/categories?post=20966"},{"taxonomy":"post_tag","embeddable":true,"href":"https:\/\/pinews.com.br\/index.php\/wp-json\/wp\/v2\/tags?post=20966"}],"curies":[{"name":"wp","href":"https:\/\/api.w.org\/{rel}","templated":true}]}}