{"id":20978,"date":"2021-04-14T11:26:09","date_gmt":"2021-04-14T14:26:09","guid":{"rendered":"https:\/\/pinews.com.br\/?p=20978"},"modified":"2021-04-14T11:26:09","modified_gmt":"2021-04-14T14:26:09","slug":"caminhao-tomba-e-uma-pessoa-fica-ferida-na-br-316-em-dom-expedito-lopes","status":"publish","type":"post","link":"https:\/\/pinews.com.br\/index.php\/2021\/04\/14\/caminhao-tomba-e-uma-pessoa-fica-ferida-na-br-316-em-dom-expedito-lopes\/","title":{"rendered":"Caminh\u00e3o tomba e uma pessoa fica ferida na BR-316, em Dom Expedito Lopes"},"content":{"rendered":"\n<p>Um caminh\u00e3o tombou na noite de ter\u00e7a-feira (13) na BR-316 no munic\u00edpio de Dom Expedito Lopes, distante 296 km da cidade de Teresina. Com o acidente, uma pessoa ficou ferida e duas pessoas sa\u00edram ilesas.<\/p>\n\n\n\n<p>Segundo informa\u00e7\u00f5es da Pol\u00edcia Rodovi\u00e1ria Federal no Piau\u00ed (PRF-PI), o acidente aconteceu por volta das 20h, no KM 272, quando o motorista de um caminh\u00e3o foi fazer uma manobra ao tentar ingressar na BR-316.<\/p>\n\n\n\n<p>\u201cOs policiais estiveram no local do acidente, e conclu\u00edram preliminarmente que o caminh\u00e3o tombou quando iniciava a manobra para ingressar na rodovia, sendo que por falta de rea\u00e7\u00e3o do condutor o acidente veio a acontecer\u201d, explicou a PRF.<\/p>\n\n\n\n<p>O motorista do caminh\u00e3o era um homem de 68 anos que saiu ileso. No ve\u00edculo tinha ainda um homem de 27, que tamb\u00e9m ficou ileso, e um homem de 42 anos que teve les\u00f5es leves.<\/p>\n\n\n\n<p>A Pol\u00edcia Rodovi\u00e1ria Federal informou que estava chovendo no momento do acidente e foi realizado teste de alcoolemia no motorista, mas o resultado deu negativo para ingest\u00e3o de \u00e1lcool.<\/p>\n\n\n\n<p><strong>Fonte: G1 PI<\/strong><\/p>\n","protected":false},"excerpt":{"rendered":"<p>Um caminh\u00e3o tombou na noite de ter\u00e7a-feira (13) na BR-316 no munic\u00edpio de Dom Expedito Lopes, distante 296 km da cidade de Teresina. Com o acidente, uma pessoa ficou ferida e duas pessoas sa\u00edram ilesas. Segundo informa\u00e7\u00f5es da Pol\u00edcia Rodovi\u00e1ria Federal no Piau\u00ed (PRF-PI), o acidente aconteceu por volta das 20h, no KM 272, quando [&hellip;]<\/p>\n","protected":false},"author":1,"featured_media":20979,"comment_status":"open","ping_status":"open","sticky":false,"template":"","format":"standard","meta":{"beyondwords_generate_audio":"","beyondwords_project_id":"","beyondwords_podcast_id":"","beyondwords_hash":"","beyondwords_error_message":"","beyondwords_disabled":"","publish_post_to_speechkit":"","speechkit_generate_audio":"","speechkit_project_id":"","speechkit_podcast_id":"","speechkit_hash":"","speechkit_error_message":"","speechkit_disabled":"","speechkit_access_key":"","speechkit_error":"","speechkit_info":"","speechkit_response":"","speechkit_retries":"","_speechkit_link":"","_speechkit_text":""},"categories":[51],"tags":[298,188,5776,46,8058,554,160,8059,91,556,417,557],"jetpack_featured_media_url":"","_links":{"self":[{"href":"https:\/\/pinews.com.br\/index.php\/wp-json\/wp\/v2\/posts\/20978"}],"collection":[{"href":"https:\/\/pinews.com.br\/index.php\/wp-json\/wp\/v2\/posts"}],"about":[{"href":"https:\/\/pinews.com.br\/index.php\/wp-json\/wp\/v2\/types\/post"}],"author":[{"embeddable":true,"href":"https:\/\/pinews.com.br\/index.php\/wp-json\/wp\/v2\/users\/1"}],"replies":[{"embeddable":true,"href":"https:\/\/pinews.com.br\/index.php\/wp-json\/wp\/v2\/comments?post=20978"}],"version-history":[{"count":0,"href":"https:\/\/pinews.com.br\/index.php\/wp-json\/wp\/v2\/posts\/20978\/revisions"}],"wp:featuredmedia":[{"embeddable":true,"href":"https:\/\/pinews.com.br\/index.php\/wp-json\/"}],"wp:attachment":[{"href":"https:\/\/pinews.com.br\/index.php\/wp-json\/wp\/v2\/media?parent=20978"}],"wp:term":[{"taxonomy":"category","embeddable":true,"href":"https:\/\/pinews.com.br\/index.php\/wp-json\/wp\/v2\/categories?post=20978"},{"taxonomy":"post_tag","embeddable":true,"href":"https:\/\/pinews.com.br\/index.php\/wp-json\/wp\/v2\/tags?post=20978"}],"curies":[{"name":"wp","href":"https:\/\/api.w.org\/{rel}","templated":true}]}}