{"id":20985,"date":"2021-04-14T19:09:09","date_gmt":"2021-04-14T22:09:09","guid":{"rendered":"https:\/\/pinews.com.br\/?p=20985"},"modified":"2021-04-14T19:09:09","modified_gmt":"2021-04-14T22:09:09","slug":"trabalhador-tera-dez-dias-para-contestar-auxilio-emergencial-negado","status":"publish","type":"post","link":"https:\/\/pinews.com.br\/index.php\/2021\/04\/14\/trabalhador-tera-dez-dias-para-contestar-auxilio-emergencial-negado\/","title":{"rendered":"Trabalhador ter\u00e1 dez dias para contestar aux\u00edlio emergencial negado"},"content":{"rendered":"\n<p>Os trabalhadores que tentam ser inclu\u00eddos na nova rodada do aux\u00edlio emergencial devem estar atentos. Segundo o Minist\u00e9rio da Cidadania, a Dataprev, estatal respons\u00e1vel pelas informa\u00e7\u00f5es cadastradas no programa, continua a processar as bases de dados. Assim que novas listas de benefici\u00e1rios forem divulgadas, o cidad\u00e3o ter\u00e1 dez dias para contestar benef\u00edcios negados ou com valor menor que o previsto.<img decoding=\"async\" src=\"https:\/\/agenciabrasil.ebc.com.br\/ebc.png?id=1406838&amp;o=node\"><img decoding=\"async\" src=\"https:\/\/agenciabrasil.ebc.com.br\/ebc.gif?id=1406838&amp;o=node\"><\/p>\n\n\n\n<p>A consulta deve ser feita diariamente na&nbsp;<a href=\"https:\/\/consultaauxilio.cidadania.gov.br\/consulta\/\" target=\"_blank\" rel=\"noreferrer noopener\">p\u00e1gina desenvolvida pela Dataprev<\/a>&nbsp;dentro do site do Minist\u00e9rio da Cidadania. O trabalhador dever\u00e1 digitar nome completo, nome da m\u00e3e, CPF, data de nascimento e conferir se um novo lote de benefici\u00e1rios foi liberado.<\/p>\n\n\n\n<p>S\u00f3 est\u00e1 eleg\u00edvel para receber a nova rodada do aux\u00edlio emergencial quem recebia o aux\u00edlio de R$ 600 ou a extens\u00e3o de R$ 300 em dezembro do ano passado e cumpre os crit\u00e9rios de elegibilidade da medida provis\u00f3ria que instituiu a nova fase do programa. Caso o benef\u00edcio n\u00e3o tenha sido liberado ou tenha sido liberado em valor abaixo do previsto, o trabalhador poder\u00e1 fazer a contesta\u00e7\u00e3o.<\/p>\n\n\n\n<p>Nesta rodada, o aux\u00edlio emergencial varia de R$ 150 a R$ 375, dependendo da situa\u00e7\u00e3o do benefici\u00e1rio. Diferentemente do ano passado, em que at\u00e9 duas pessoas da mesma fam\u00edlia recebiam as parcelas, agora apenas um membro receber\u00e1 o benef\u00edcio.<\/p>\n\n\n\n<h2>Novos lotes<\/h2>\n\n\n\n<p>O lote mais recente do aux\u00edlio emergencial, que incluiu 236 mil pessoas, foi liberado pelo Minist\u00e9rio da Cidadania na \u00faltima segunda-feira (12). Quem discordou do processamento de dados poder\u00e1 contestar o resultado at\u00e9 22 de abril.<\/p>\n\n\n\n<p>A contesta\u00e7\u00e3o \u00e9 feita no mesmo&nbsp;<em>site<\/em>&nbsp;da consulta, bastando ao usu\u00e1rio clicar no bot\u00e3o \u201cSolicitar contesta\u00e7\u00e3o\u201d. O pr\u00f3prio sistema s\u00f3 aceitar\u00e1 crit\u00e9rios pass\u00edveis de reavalia\u00e7\u00e3o, como informa\u00e7\u00f5es erradas ou desatualizadas. N\u00e3o ser\u00e1 poss\u00edvel fazer um novo pedido, porque a base de dados usada \u00e9 a de quem pediu o aux\u00edlio emergencial at\u00e9 o in\u00edcio de julho do ano passado.<\/p>\n\n\n\n<p>Ap\u00f3s o pedido de contesta\u00e7\u00e3o, a Dataprev analisar\u00e1 as novas informa\u00e7\u00f5es fornecidas pelo trabalhador. Como a reavalia\u00e7\u00e3o n\u00e3o tem prazo, o benefici\u00e1rio dever\u00e1 acessar o&nbsp;<em>site<\/em>&nbsp;diariamente.<\/p>\n\n\n\n<p>A <strong>Ag\u00eancia Brasil<\/strong> <a rel=\"noreferrer noopener\" href=\"https:\/\/agenciabrasil.ebc.com.br\/economia\/noticia\/2021-04\/agencia-brasil-explica-nova-rodada-do-auxilio-emergencial\" target=\"_blank\">elaborou um guia de perguntas e respostas<\/a> sobre o aux\u00edlio emergencial. Entre as d\u00favidas que o benefici\u00e1rio pode tirar est\u00e3o os crit\u00e9rios para receber o benef\u00edcio, a regulariza\u00e7\u00e3o do CPF e os crit\u00e9rios de desempate dentro da mesma fam\u00edlia para ter acesso ao aux\u00edlio.<\/p>\n\n\n\n<p><strong>Fonte: Ag\u00eancia Brasil<\/strong><\/p>\n","protected":false},"excerpt":{"rendered":"<p>Os trabalhadores que tentam ser inclu\u00eddos na nova rodada do aux\u00edlio emergencial devem estar atentos. Segundo o Minist\u00e9rio da Cidadania, a Dataprev, estatal respons\u00e1vel pelas informa\u00e7\u00f5es cadastradas no programa, continua a processar as bases de dados. Assim que novas listas de benefici\u00e1rios forem divulgadas, o cidad\u00e3o ter\u00e1 dez dias para contestar benef\u00edcios negados ou com [&hellip;]<\/p>\n","protected":false},"author":1,"featured_media":15619,"comment_status":"open","ping_status":"open","sticky":false,"template":"","format":"standard","meta":{"beyondwords_generate_audio":"","beyondwords_project_id":"","beyondwords_podcast_id":"","beyondwords_hash":"","beyondwords_error_message":"","beyondwords_disabled":"","publish_post_to_speechkit":"","speechkit_generate_audio":"","speechkit_project_id":"","speechkit_podcast_id":"","speechkit_hash":"","speechkit_error_message":"","speechkit_disabled":"","speechkit_access_key":"","speechkit_error":"","speechkit_info":"","speechkit_response":"","speechkit_retries":"","_speechkit_link":"","_speechkit_text":""},"categories":[516,134],"tags":[2647,6397,6509,787,3444,1927,350,5437,6815],"jetpack_featured_media_url":"","_links":{"self":[{"href":"https:\/\/pinews.com.br\/index.php\/wp-json\/wp\/v2\/posts\/20985"}],"collection":[{"href":"https:\/\/pinews.com.br\/index.php\/wp-json\/wp\/v2\/posts"}],"about":[{"href":"https:\/\/pinews.com.br\/index.php\/wp-json\/wp\/v2\/types\/post"}],"author":[{"embeddable":true,"href":"https:\/\/pinews.com.br\/index.php\/wp-json\/wp\/v2\/users\/1"}],"replies":[{"embeddable":true,"href":"https:\/\/pinews.com.br\/index.php\/wp-json\/wp\/v2\/comments?post=20985"}],"version-history":[{"count":0,"href":"https:\/\/pinews.com.br\/index.php\/wp-json\/wp\/v2\/posts\/20985\/revisions"}],"wp:featuredmedia":[{"embeddable":true,"href":"https:\/\/pinews.com.br\/index.php\/wp-json\/"}],"wp:attachment":[{"href":"https:\/\/pinews.com.br\/index.php\/wp-json\/wp\/v2\/media?parent=20985"}],"wp:term":[{"taxonomy":"category","embeddable":true,"href":"https:\/\/pinews.com.br\/index.php\/wp-json\/wp\/v2\/categories?post=20985"},{"taxonomy":"post_tag","embeddable":true,"href":"https:\/\/pinews.com.br\/index.php\/wp-json\/wp\/v2\/tags?post=20985"}],"curies":[{"name":"wp","href":"https:\/\/api.w.org\/{rel}","templated":true}]}}