{"id":21064,"date":"2021-04-16T11:06:37","date_gmt":"2021-04-16T14:06:37","guid":{"rendered":"https:\/\/pinews.com.br\/?p=21064"},"modified":"2021-04-16T11:06:37","modified_gmt":"2021-04-16T14:06:37","slug":"bebe-de-3-meses-morre-apos-ser-atropelado-por-motocicleta-no-piaui","status":"publish","type":"post","link":"https:\/\/pinews.com.br\/index.php\/2021\/04\/16\/bebe-de-3-meses-morre-apos-ser-atropelado-por-motocicleta-no-piaui\/","title":{"rendered":"Beb\u00ea de 3 meses morre ap\u00f3s ser atropelado por motocicleta no Piau\u00ed"},"content":{"rendered":"\n<p>Um beb\u00ea de 3 meses faleceu na noite de quinta-feira (15) ap\u00f3s ser atropelado, por volta das 20h, por uma motocicleta no bairro Buenos Aires, na Zona Norte de Teresina.<\/p>\n\n\n\n<p>Segundo a Companhia Independente de Policiamento de Tr\u00e2nsito (Ciptran), o acidente aconteceu quando a m\u00e3e estava com o beb\u00ea, Jo\u00e3o Marc\u00edlio Ara\u00fajo Teixeira, em um carrinho e tentava atravessar a Avenida Duque de Caxias.<\/p>\n\n\n\n<p>\u201cQuando nossa equipe foi informada, nos dirigimos at\u00e9 o local, mas l\u00e1 n\u00e3o tinha mais nada. Depois nos dirigimos at\u00e9 o HUT para apurar veracidade do caso, e soubemos que a m\u00e3e estava atravessando a avenida, quando o carrinho do beb\u00ea foi atingido por uma motocicleta. O condutor da moto fugiu\u201d, informou o subtenente Andrade, do Ciptran.<\/p>\n\n\n\n<p>Jo\u00e3o Marc\u00edlio foi socorrido e encaminhado ao Hospital de Urg\u00eancia de Teresina (HUT), mas ele acabou n\u00e3o resistindo aos ferimentos e morreu.<\/p>\n\n\n\n<p>\u201cNo HUT n\u00e3o conseguimos falar com os parentes, mas j\u00e1 fizemos o registro da ocorr\u00eancia. Como foi um atropelamento, a Delegacia de Acidente de Tr\u00e2nsito deve ficar respons\u00e1vel pela investiga\u00e7\u00e3o\u201d, informou o subtenente Andrade.<\/p>\n\n\n\n<p><strong>Fonte: G1 PI<\/strong><\/p>\n","protected":false},"excerpt":{"rendered":"<p>Um beb\u00ea de 3 meses faleceu na noite de quinta-feira (15) ap\u00f3s ser atropelado, por volta das 20h, por uma motocicleta no bairro Buenos Aires, na Zona Norte de Teresina. Segundo a Companhia Independente de Policiamento de Tr\u00e2nsito (Ciptran), o acidente aconteceu quando a m\u00e3e estava com o beb\u00ea, Jo\u00e3o Marc\u00edlio Ara\u00fajo Teixeira, em um [&hellip;]<\/p>\n","protected":false},"author":1,"featured_media":21065,"comment_status":"open","ping_status":"open","sticky":false,"template":"","format":"standard","meta":{"beyondwords_generate_audio":"","beyondwords_project_id":"","beyondwords_podcast_id":"","beyondwords_hash":"","beyondwords_error_message":"","beyondwords_disabled":"","publish_post_to_speechkit":"","speechkit_generate_audio":"","speechkit_project_id":"","speechkit_podcast_id":"","speechkit_hash":"","speechkit_error_message":"","speechkit_disabled":"","speechkit_access_key":"","speechkit_error":"","speechkit_info":"","speechkit_response":"","speechkit_retries":"","_speechkit_link":"","_speechkit_text":""},"categories":[51,78,81],"tags":[70,61,113,44,118,119,179,52,59,139],"jetpack_featured_media_url":"","_links":{"self":[{"href":"https:\/\/pinews.com.br\/index.php\/wp-json\/wp\/v2\/posts\/21064"}],"collection":[{"href":"https:\/\/pinews.com.br\/index.php\/wp-json\/wp\/v2\/posts"}],"about":[{"href":"https:\/\/pinews.com.br\/index.php\/wp-json\/wp\/v2\/types\/post"}],"author":[{"embeddable":true,"href":"https:\/\/pinews.com.br\/index.php\/wp-json\/wp\/v2\/users\/1"}],"replies":[{"embeddable":true,"href":"https:\/\/pinews.com.br\/index.php\/wp-json\/wp\/v2\/comments?post=21064"}],"version-history":[{"count":0,"href":"https:\/\/pinews.com.br\/index.php\/wp-json\/wp\/v2\/posts\/21064\/revisions"}],"wp:featuredmedia":[{"embeddable":true,"href":"https:\/\/pinews.com.br\/index.php\/wp-json\/"}],"wp:attachment":[{"href":"https:\/\/pinews.com.br\/index.php\/wp-json\/wp\/v2\/media?parent=21064"}],"wp:term":[{"taxonomy":"category","embeddable":true,"href":"https:\/\/pinews.com.br\/index.php\/wp-json\/wp\/v2\/categories?post=21064"},{"taxonomy":"post_tag","embeddable":true,"href":"https:\/\/pinews.com.br\/index.php\/wp-json\/wp\/v2\/tags?post=21064"}],"curies":[{"name":"wp","href":"https:\/\/api.w.org\/{rel}","templated":true}]}}