{"id":21087,"date":"2021-04-16T19:10:39","date_gmt":"2021-04-16T22:10:39","guid":{"rendered":"https:\/\/pinews.com.br\/?p=21087"},"modified":"2021-04-16T19:10:39","modified_gmt":"2021-04-16T22:10:39","slug":"suspeitos-de-arrastao-em-creche-sao-presos-com-produtos-roubados-no-piaui","status":"publish","type":"post","link":"https:\/\/pinews.com.br\/index.php\/2021\/04\/16\/suspeitos-de-arrastao-em-creche-sao-presos-com-produtos-roubados-no-piaui\/","title":{"rendered":"Suspeitos de arrast\u00e3o em creche s\u00e3o presos com produtos roubados no Piau\u00ed"},"content":{"rendered":"\n<p>Os dois suspeitos do arrast\u00e3o na creche Lindalma Carvalho Soares foram presos nesta sexta-feira (16) no Torquato Neto, Zona Sul de Teresina. Um terceiro suspeito foi preso por recepta\u00e7\u00e3o, porque estava de posse do notebook roubado da unidade escolar.<\/p>\n\n\n\n<p>Segundo o subcoordenador da For\u00e7a Tarefa da Secretaria Estadual de Seguran\u00e7a P\u00fablica, Hilton Barbosa, a pris\u00e3o ocorreu ap\u00f3s o setor de intelig\u00eancia identificar os suspeitos atrav\u00e9s das imagens registradas pelas c\u00e2meras de seguran\u00e7a durante o assalto.<\/p>\n\n\n\n<p>&#8220;S\u00e3o todos maiores de idade e com passagens pela pol\u00edcia por roubos e assaltos. Eles s\u00e3o amigos e foram encontrados em seus apartamentos no Torquato Neto, com v\u00e1rios celulares, muni\u00e7\u00f5es de 38 e pistola, uma moto e o notebook roubado da creche, mas n\u00e3o achamos as armas&#8221;, informou.<\/p>\n\n\n\n<p>Um dos suspeitos presos estava na condicional e usava tornozeleira eletr\u00f4nica. Todos foram encaminhados para a Central de Flagrantes.<\/p>\n\n\n\n<h2>Entenda o caso<\/h2>\n\n\n\n<figure class=\"wp-block-image\"><img decoding=\"async\" src=\"https:\/\/s2.glbimg.com\/wWFtz-hh4stEuFZFpkuaP1zzbpk=\/0x0:800x483\/984x0\/smart\/filters:strip_icc()\/i.s3.glbimg.com\/v1\/AUTH_59edd422c0c84a879bd37670ae4f538a\/internal_photos\/bs\/2021\/y\/S\/6vGRoxRny9eq5ShLVXqg\/assaltantes.jpg\" alt=\"Adolescentes fazem arrast\u00e3o em escola na Zona Sul de Teresina \u2014 Foto: Reprodu\u00e7\u00e3o\"\/><figcaption>Adolescentes fazem arrast\u00e3o em escola na Zona Sul de Teresina \u2014 Foto: Reprodu\u00e7\u00e3o<\/figcaption><\/figure>\n\n\n\n<p>Dois suspeitos entraram no Centro Municipal de Educa\u00e7\u00e3o Infantil (CMEI), no bairro Teresina Sul, anunciaram o assalto e renderam o agente de portaria, que teve a arma apontada para o pesco\u00e7o. O assalto foi registrado pelas c\u00e2meras de seguran\u00e7a.<\/p>\n\n\n\n<p>Durante a a\u00e7\u00e3o, cinco funcion\u00e1rios foram rendidos e os suspeitos fugiram levando o carro da diretora, que foi recuperado pela Guarda Civil Municipal (GCM). Os criminosos roubaram computadores e celulares.<\/p>\n\n\n\n<p><strong>Fonte: G1 PI<\/strong><\/p>\n","protected":false},"excerpt":{"rendered":"<p>Os dois suspeitos do arrast\u00e3o na creche Lindalma Carvalho Soares foram presos nesta sexta-feira (16) no Torquato Neto, Zona Sul de Teresina. Um terceiro suspeito foi preso por recepta\u00e7\u00e3o, porque estava de posse do notebook roubado da unidade escolar. Segundo o subcoordenador da For\u00e7a Tarefa da Secretaria Estadual de Seguran\u00e7a P\u00fablica, Hilton Barbosa, a pris\u00e3o [&hellip;]<\/p>\n","protected":false},"author":1,"featured_media":21088,"comment_status":"open","ping_status":"open","sticky":false,"template":"","format":"standard","meta":{"beyondwords_generate_audio":"","beyondwords_project_id":"","beyondwords_podcast_id":"","beyondwords_hash":"","beyondwords_error_message":"","beyondwords_disabled":"","publish_post_to_speechkit":"","speechkit_generate_audio":"","speechkit_project_id":"","speechkit_podcast_id":"","speechkit_hash":"","speechkit_error_message":"","speechkit_disabled":"","speechkit_access_key":"","speechkit_error":"","speechkit_info":"","speechkit_response":"","speechkit_retries":"","_speechkit_link":"","_speechkit_text":""},"categories":[51,78,81],"tags":[5431,8084,44,46,52,600,7389,5900,362,497],"jetpack_featured_media_url":"","_links":{"self":[{"href":"https:\/\/pinews.com.br\/index.php\/wp-json\/wp\/v2\/posts\/21087"}],"collection":[{"href":"https:\/\/pinews.com.br\/index.php\/wp-json\/wp\/v2\/posts"}],"about":[{"href":"https:\/\/pinews.com.br\/index.php\/wp-json\/wp\/v2\/types\/post"}],"author":[{"embeddable":true,"href":"https:\/\/pinews.com.br\/index.php\/wp-json\/wp\/v2\/users\/1"}],"replies":[{"embeddable":true,"href":"https:\/\/pinews.com.br\/index.php\/wp-json\/wp\/v2\/comments?post=21087"}],"version-history":[{"count":0,"href":"https:\/\/pinews.com.br\/index.php\/wp-json\/wp\/v2\/posts\/21087\/revisions"}],"wp:featuredmedia":[{"embeddable":true,"href":"https:\/\/pinews.com.br\/index.php\/wp-json\/"}],"wp:attachment":[{"href":"https:\/\/pinews.com.br\/index.php\/wp-json\/wp\/v2\/media?parent=21087"}],"wp:term":[{"taxonomy":"category","embeddable":true,"href":"https:\/\/pinews.com.br\/index.php\/wp-json\/wp\/v2\/categories?post=21087"},{"taxonomy":"post_tag","embeddable":true,"href":"https:\/\/pinews.com.br\/index.php\/wp-json\/wp\/v2\/tags?post=21087"}],"curies":[{"name":"wp","href":"https:\/\/api.w.org\/{rel}","templated":true}]}}