{"id":21268,"date":"2021-04-20T11:59:01","date_gmt":"2021-04-20T14:59:01","guid":{"rendered":"https:\/\/pinews.com.br\/?p=21268"},"modified":"2021-04-20T11:59:01","modified_gmt":"2021-04-20T14:59:01","slug":"video-acude-rompe-e-destroi-trecho-de-rodovia-que-da-acesso-a-luzilandia","status":"publish","type":"post","link":"https:\/\/pinews.com.br\/index.php\/2021\/04\/20\/video-acude-rompe-e-destroi-trecho-de-rodovia-que-da-acesso-a-luzilandia\/","title":{"rendered":"V\u00eddeo: a\u00e7ude rompe e destr\u00f3i trecho de rodovia que d\u00e1 acesso a Luzil\u00e2ndia"},"content":{"rendered":"\n<p>A PI-214 rodovia que liga Luzil\u00e2ndia a Esperantina teve um trecho destru\u00eddo na madrugada desta ter\u00e7a-feira(20). A causa seria a for\u00e7a das \u00e1guas que passaram no local, depois do rompimento da parede do a\u00e7ude Saquinho na regi\u00e3o.&nbsp;<\/p>\n\n\n\n<p>Populares informaram que ontem a noite choveu na cidade, mas que n\u00e3o seria t\u00e3o forte e na madrugada a parede do a\u00e7ude n\u00e3o teria aguentado a for\u00e7a das \u00e1guas e teria rompido, provocando uma onda que cortou a rodovia.&nbsp;<\/p>\n\n\n\n<p>Em v\u00eddeos feitos por moradores da regi\u00e3o que foram at\u00e9 o local, \u00e9 poss\u00edvel ver uma motocicleta dentro do buraco formado na PI, mas um deles informa que o piloto teria escapado com vida e sem ferimentos. E que teria ido buscar ajuda para retirar o ve\u00edculo da cratera. <\/p>\n\n\n\n<figure class=\"wp-block-embed-youtube wp-block-embed is-type-video is-provider-youtube wp-embed-aspect-16-9 wp-has-aspect-ratio\"><div class=\"wp-block-embed__wrapper\">\n<iframe loading=\"lazy\" title=\"Rodovia em Luzila\u0302ndia rompe com chuva\" width=\"1170\" height=\"658\" src=\"https:\/\/www.youtube.com\/embed\/sXDUtSy2Pic?feature=oembed\" frameborder=\"0\" allow=\"accelerometer; autoplay; clipboard-write; encrypted-media; gyroscope; picture-in-picture; web-share\" allowfullscreen><\/iframe>\n<\/div><\/figure>\n\n\n\n<p>&nbsp;A PI \u00e9 a principal estrada para Luzil\u00e2ndia, que fica a 234 quil\u00f4metros de dist\u00e2ncia de Teresina. Outros caminhos, mais longos, s\u00e3o por Joca Marques e Joaquim Pires.<\/p>\n\n\n\n<p>A prefeita da cidade, Fernanda Marques (PTB), est\u00e1 em Teresina e esteve nesta manh\u00e3 com o diretor do Departamento de Estradas e Rodagem do Piau\u00ed (DER), Castro Neto, onde solicitou provid\u00eancias para recupera\u00e7\u00e3o da rodovia.&nbsp;<\/p>\n\n\n\n<p>\u201cAmanheci com a not\u00edcia do rompimento do a\u00e7ude do Saquinho, havia rompido e com isso tamb\u00e9m o rompimento da PI-214. Ent\u00e3o logo cedo entrei em contato com o diretor do DER que pediu para solucionarmos esse problema. Castro Neto foi muito receptivo e mandou a equipe para Luzil\u00e2ndia para resolver esse problema da entrada da cidade\u201d, destacou a prefeita em v\u00eddeo feito ao lado do diretor Castro Neto.&nbsp;<\/p>\n\n\n\n<p>O diretor do DER, Castro Neto, atribuiu o rompido ao aumento volume de \u00e1gua das chuvas que caem desde domingo na regi\u00e3o. Ele ressalta que a cidade n\u00e3o ficou ilhada, pois tem o rodoanel e que engenheiros e t\u00e9cnicos j\u00e1 foram para o local para analisar a situa\u00e7\u00e3o e fazer os reparos necess\u00e1rios.  <\/p>\n\n\n\n<p>De acordo com a prefeita, o a\u00e7ude Saquinho \u00e9 de propriedade particular. <\/p>\n\n\n\n<figure class=\"wp-block-embed-youtube wp-block-embed is-type-video is-provider-youtube wp-embed-aspect-16-9 wp-has-aspect-ratio\"><div class=\"wp-block-embed__wrapper\">\n<iframe loading=\"lazy\" title=\"Prefeita de Luzil\u00e2ndia e diretor do DER falam sobre rompimento da PI-214\" width=\"1170\" height=\"658\" src=\"https:\/\/www.youtube.com\/embed\/twWOEmvrtfM?feature=oembed\" frameborder=\"0\" allow=\"accelerometer; autoplay; clipboard-write; encrypted-media; gyroscope; picture-in-picture; web-share\" allowfullscreen><\/iframe>\n<\/div><\/figure>\n\n\n\n<figure class=\"wp-block-image\"><img decoding=\"async\" src=\"https:\/\/cidadeverde.com\/assets\/uploads\/noticias\/0a252f2072b7e0c522eb1340b6d8c9aa.jpg\" alt=\"\"\/><figcaption><em>Foto: Clenildo Vale\/Ascom prefeitura<\/em><\/figcaption><\/figure>\n\n\n\n<figure class=\"wp-block-image\"><img decoding=\"async\" src=\"https:\/\/cidadeverde.com\/assets\/uploads\/noticias\/2c6fc11c8adec897cd0930599e9a3b55.jpg\" alt=\"\"\/><figcaption><em>Foto: Clenildo Vale\/Ascom prefeitura<\/em><\/figcaption><\/figure>\n\n\n\n<p><strong>Fonte: Caroline Oliveira\/ Cidade Verde<\/strong><\/p>\n","protected":false},"excerpt":{"rendered":"<p>A PI-214 rodovia que liga Luzil\u00e2ndia a Esperantina teve um trecho destru\u00eddo na madrugada desta ter\u00e7a-feira(20). A causa seria a for\u00e7a das \u00e1guas que passaram no local, depois do rompimento da parede do a\u00e7ude Saquinho na regi\u00e3o.&nbsp; Populares informaram que ontem a noite choveu na cidade, mas que n\u00e3o seria t\u00e3o forte e na madrugada [&hellip;]<\/p>\n","protected":false},"author":1,"featured_media":21269,"comment_status":"open","ping_status":"open","sticky":false,"template":"","format":"standard","meta":{"beyondwords_generate_audio":"","beyondwords_project_id":"","beyondwords_podcast_id":"","beyondwords_hash":"","beyondwords_error_message":"","beyondwords_disabled":"","publish_post_to_speechkit":"","speechkit_generate_audio":"","speechkit_project_id":"","speechkit_podcast_id":"","speechkit_hash":"","speechkit_error_message":"","speechkit_disabled":"","speechkit_access_key":"","speechkit_error":"","speechkit_info":"","speechkit_response":"","speechkit_retries":"","_speechkit_link":"","_speechkit_text":""},"categories":[51],"tags":[5819,1224,122,44,546,2504,190,5345,5430,67],"jetpack_featured_media_url":"","_links":{"self":[{"href":"https:\/\/pinews.com.br\/index.php\/wp-json\/wp\/v2\/posts\/21268"}],"collection":[{"href":"https:\/\/pinews.com.br\/index.php\/wp-json\/wp\/v2\/posts"}],"about":[{"href":"https:\/\/pinews.com.br\/index.php\/wp-json\/wp\/v2\/types\/post"}],"author":[{"embeddable":true,"href":"https:\/\/pinews.com.br\/index.php\/wp-json\/wp\/v2\/users\/1"}],"replies":[{"embeddable":true,"href":"https:\/\/pinews.com.br\/index.php\/wp-json\/wp\/v2\/comments?post=21268"}],"version-history":[{"count":0,"href":"https:\/\/pinews.com.br\/index.php\/wp-json\/wp\/v2\/posts\/21268\/revisions"}],"wp:featuredmedia":[{"embeddable":true,"href":"https:\/\/pinews.com.br\/index.php\/wp-json\/"}],"wp:attachment":[{"href":"https:\/\/pinews.com.br\/index.php\/wp-json\/wp\/v2\/media?parent=21268"}],"wp:term":[{"taxonomy":"category","embeddable":true,"href":"https:\/\/pinews.com.br\/index.php\/wp-json\/wp\/v2\/categories?post=21268"},{"taxonomy":"post_tag","embeddable":true,"href":"https:\/\/pinews.com.br\/index.php\/wp-json\/wp\/v2\/tags?post=21268"}],"curies":[{"name":"wp","href":"https:\/\/api.w.org\/{rel}","templated":true}]}}